{"id":2564,"date":"2012-11-08T20:45:12","date_gmt":"2012-11-08T18:45:12","guid":{"rendered":"http:\/\/www.cdlpv.org\/dtl\/?p=2564"},"modified":"2012-11-08T20:45:12","modified_gmt":"2012-11-08T18:45:12","slug":"em-guarani-ava-nee-rerekua-pave","status":"publish","type":"post","link":"https:\/\/www.cdlpv.org\/dtl\/2012\/11\/08\/em-guarani-ava-nee-rerekua-pave\/","title":{"rendered":"En guaran\u00ed, Ava \u00d1e&#8217;e Rerekua Pav\u00ea"},"content":{"rendered":"<p>El diari <em>El Pa\u00eds<\/em> (07.11.2012) informa amb un retard d&#8217;un mes &mdash;deu ser el que tarden estes not\u00edcies en arribar&mdash; de la creaci\u00f3 de l&#8217;Acad\u00e8mia de la Llengua Guaran\u00ed (en versi\u00f3 guaran\u00ed: Ava \u00d1e&#8217;e Rerekua Pav\u00ea):<\/p>\n<blockquote>\n<h2>La primera academia de la lengua ind\u00edgena de Am\u00e9rica, en Paraguay<\/h2>\n<\/blockquote>\n<p>\u00c9s una not\u00edcia d&#8217;ag\u00e8ncia i el t\u00edtol es fixa en la curiositat \u00abind\u00edgena\u00bb. Segons la not\u00edcia, el guaran\u00ed t\u00e9 un potencial del 92&nbsp;% al Paraguai. Sort, han arribat a temps. En la xarxa podem trobar tamb\u00e9 (<em>Ultimahora.com,<\/em> <a href=\"http:\/\/www.ultimahora.com\/notas\/566592-Paraguay-integra-la-primera-Academia-de-Lengua-Guarani-\" target=\"_blank\">05.10.2012<\/a>) el sistema d&#8217;elecci\u00f3 dels primera acad\u00e8mics:<\/p>\n<blockquote><p>\nLos 15 miembros que conforman el plantel inicial fueron elegidos mediante concurso de m\u00e9ritos, se\u00f1ala la resoluci\u00f3n firmada por el ministro de la Secretar\u00eda de Pol\u00edticas Ling\u00fc\u00edsticas, el escritor Carlos Villagra Marsal.<\/p>\n<p>Los integrantes de la academia son: Feliciano Acosta Alcaraz, Domingo Adolfo Aguilera Jim\u00e9nez, Mario Rub\u00e9n \u00c1lvarez Ben\u00edtez, Almidio Milc\u00edades Aquino Arg\u00fcello, Rub\u00e9n Bareiro Saguier, David Abd\u00f3n Galeano Olivera, Mar\u00eda Georgina Gonz\u00e1lez Mor\u00e1n, Mar\u00eda Eva Mansfeld de Ag\u00fcero, Mar\u00eda Elvira Mart\u00ednez de Campos, Julia Irene Segovia Silva de Borba, Ram\u00f3n Silva, Lino Trinidad Sanabria, Miguel \u00c1ngel Ver\u00f3n G\u00f3mez, Sara Delicia Villagra Batoux y Tadeo Zarratea D\u00e1valos.\n<\/p><\/blockquote>\n<p>\u00a1Concurs de m\u00e8rits! Vaja, sort que alg\u00fa no hi va caure per a triar els de l&#8217;<span class=\"versaleta\">avl<\/span>, perqu\u00e8 ac\u00ed els m\u00e8rits tamb\u00e9 s&#8217;entenen com s&#8217;entenen.<\/p>\n","protected":false},"excerpt":{"rendered":"<p>El diari El Pa\u00eds (07.11.2012) informa amb un retard d&#8217;un mes &mdash;deu ser el que tarden estes not\u00edcies en arribar&mdash; de la creaci\u00f3 de l&#8217;Acad\u00e8mia de la Llengua Guaran\u00ed (en versi\u00f3 guaran\u00ed: Ava \u00d1e&#8217;e Rerekua Pav\u00ea): La primera academia de la lengua ind\u00edgena de Am\u00e9rica, en Paraguay \u00c9s una not\u00edcia d&#8217;ag\u00e8ncia i el t\u00edtol es [&hellip;]<\/p>\n","protected":false},"author":2,"featured_media":0,"comment_status":"open","ping_status":"open","sticky":false,"template":"","format":"standard","meta":{"footnotes":""},"categories":[4,1,17,47,27],"tags":[231,350],"class_list":["post-2564","post","type-post","status-publish","format-standard","hentry","category-dret","category-general","category-normativa","category-planificacio","category-sociolinguistica","tag-guarani","tag-paraguai"],"_links":{"self":[{"href":"https:\/\/www.cdlpv.org\/dtl\/wp-json\/wp\/v2\/posts\/2564","targetHints":{"allow":["GET"]}}],"collection":[{"href":"https:\/\/www.cdlpv.org\/dtl\/wp-json\/wp\/v2\/posts"}],"about":[{"href":"https:\/\/www.cdlpv.org\/dtl\/wp-json\/wp\/v2\/types\/post"}],"author":[{"embeddable":true,"href":"https:\/\/www.cdlpv.org\/dtl\/wp-json\/wp\/v2\/users\/2"}],"replies":[{"embeddable":true,"href":"https:\/\/www.cdlpv.org\/dtl\/wp-json\/wp\/v2\/comments?post=2564"}],"version-history":[{"count":0,"href":"https:\/\/www.cdlpv.org\/dtl\/wp-json\/wp\/v2\/posts\/2564\/revisions"}],"wp:attachment":[{"href":"https:\/\/www.cdlpv.org\/dtl\/wp-json\/wp\/v2\/media?parent=2564"}],"wp:term":[{"taxonomy":"category","embeddable":true,"href":"https:\/\/www.cdlpv.org\/dtl\/wp-json\/wp\/v2\/categories?post=2564"},{"taxonomy":"post_tag","embeddable":true,"href":"https:\/\/www.cdlpv.org\/dtl\/wp-json\/wp\/v2\/tags?post=2564"}],"curies":[{"name":"wp","href":"https:\/\/api.w.org\/{rel}","templated":true}]}}