{"id":2562,"date":"2012-11-01T22:40:58","date_gmt":"2012-11-01T20:40:58","guid":{"rendered":"http:\/\/www.cdlpv.org\/dtl\/?p=2562"},"modified":"2012-11-01T22:40:58","modified_gmt":"2012-11-01T20:40:58","slug":"denominacions-oficials-beniganim","status":"publish","type":"post","link":"https:\/\/www.cdlpv.org\/dtl\/2012\/11\/01\/denominacions-oficials-beniganim\/","title":{"rendered":"Denominacions oficials: Benig\u00e0nim"},"content":{"rendered":"<p>El municipi de Benig\u00e0nim ha fixat la forma oficial del seu nom:<\/p>\n<blockquote>\n<ul>\n<li>Decret 164\/2012, de 26 d\u2019octubre, del Consell, pel qual s\u2019aprova el canvi de denominaci\u00f3 del municipi de Benig\u00e1nim per la forma exclusiva en valenci\u00e0 de Benig\u00e0nim <a href=\"http:\/\/www.docv.gva.es\/datos\/2012\/10\/29\/pdf\/2012_9954.pdf\" target=\"_blank\"><span class=\"versaleta\">[pdf]<\/span><\/a>\n<\/li>\n<\/ul>\n<\/blockquote>\n","protected":false},"excerpt":{"rendered":"<p>El municipi de Benig\u00e0nim ha fixat la forma oficial del seu nom: Decret 164\/2012, de 26 d\u2019octubre, del Consell, pel qual s\u2019aprova el canvi de denominaci\u00f3 del municipi de Benig\u00e1nim per la forma exclusiva en valenci\u00e0 de Benig\u00e0nim [pdf]<\/p>\n","protected":false},"author":2,"featured_media":0,"comment_status":"open","ping_status":"open","sticky":false,"template":"","format":"standard","meta":{"footnotes":""},"categories":[1,32],"tags":[50,372],"class_list":["post-2562","post","type-post","status-publish","format-standard","hentry","category-general","category-toponimia","tag-administracio-local","tag-pobles"],"_links":{"self":[{"href":"https:\/\/www.cdlpv.org\/dtl\/wp-json\/wp\/v2\/posts\/2562","targetHints":{"allow":["GET"]}}],"collection":[{"href":"https:\/\/www.cdlpv.org\/dtl\/wp-json\/wp\/v2\/posts"}],"about":[{"href":"https:\/\/www.cdlpv.org\/dtl\/wp-json\/wp\/v2\/types\/post"}],"author":[{"embeddable":true,"href":"https:\/\/www.cdlpv.org\/dtl\/wp-json\/wp\/v2\/users\/2"}],"replies":[{"embeddable":true,"href":"https:\/\/www.cdlpv.org\/dtl\/wp-json\/wp\/v2\/comments?post=2562"}],"version-history":[{"count":0,"href":"https:\/\/www.cdlpv.org\/dtl\/wp-json\/wp\/v2\/posts\/2562\/revisions"}],"wp:attachment":[{"href":"https:\/\/www.cdlpv.org\/dtl\/wp-json\/wp\/v2\/media?parent=2562"}],"wp:term":[{"taxonomy":"category","embeddable":true,"href":"https:\/\/www.cdlpv.org\/dtl\/wp-json\/wp\/v2\/categories?post=2562"},{"taxonomy":"post_tag","embeddable":true,"href":"https:\/\/www.cdlpv.org\/dtl\/wp-json\/wp\/v2\/tags?post=2562"}],"curies":[{"name":"wp","href":"https:\/\/api.w.org\/{rel}","templated":true}]}}