{"id":2553,"date":"2012-10-25T12:12:37","date_gmt":"2012-10-25T10:12:37","guid":{"rendered":"http:\/\/www.cdlpv.org\/dtl\/?p=2553"},"modified":"2012-10-25T12:12:37","modified_gmt":"2012-10-25T10:12:37","slug":"denominacions-oficials-el-puig-de-santa-maria-i-rafelbunyol","status":"publish","type":"post","link":"https:\/\/www.cdlpv.org\/dtl\/2012\/10\/25\/denominacions-oficials-el-puig-de-santa-maria-i-rafelbunyol\/","title":{"rendered":"Denominacions oficials: el Puig de Santa Maria i Rafelbunyol"},"content":{"rendered":"<p>Els municipis de l&#8217;Horta Rafelbunyol i el Puig de Santa Maria han fixat la forma oficial del seu nom:<\/p>\n<blockquote>\n<ul>\n<li>Decret 140\/2012, de 28 de setembre, del Consell, pel qual s\u2019aprova el canvi de denominaci\u00f3 del municipi de Puig per la forma exclusiva en valenci\u00e0 el Puig de Santa Maria <a href=\"http:\/\/www.docv.gva.es\/datos\/2012\/10\/01\/pdf\/2012_9020.pdf\" target=\"_blank\"><span class=\"versaleta\">[pdf]<\/span><\/a>\n<li>Decret 144\/2012, de 5 d\u2019octubre, del Consell, pel qual s\u2019aprova el canvi de denominaci\u00f3 del municipi de Rafelbunyol\/Rafelbu\u00f1ol per la forma exclusiva en valenci\u00e0 de Rafelbunyol <a href=\"http:\/\/www.docv.gva.es\/datos\/2012\/10\/08\/pdf\/2012_9226.pdf\" target=\"_blank\"><span class=\"versaleta\">[pdf]<\/span><\/a>\n<\/ul>\n<\/blockquote>\n<p>A m\u00e9s de la incoher\u00e8ncia en la redacci\u00f3 (\u00ab<em>en valenci\u00e0<\/em> el Puig de Santa Maria\u00bb \/ \u00ab<em>en valenci\u00e0 de<\/em> Rafelbunyol\u00bb), hi ha una mala interpretaci\u00f3 del criteris tipogr\u00e0fics en la versi\u00f3 en castell\u00e0, on escriuen \u00abel Puig de Santa Maria\u00bb en lloc d&#8217;\u00abEl Puig de Santa Maria\u00bb.<\/p>\n<p>M\u00e9s noms oficials dels municipis valencians en la fitxa <a href=\"http:\/\/www.einesdellengua.com\/Fitxes\/Textos\/P\/pobles.htm\" target=\"_blank\">\u00abMunicipis i comarques del Pa\u00eds Valenci\u00e0\u00bb<\/a>.<\/p>\n","protected":false},"excerpt":{"rendered":"<p>Els municipis de l&#8217;Horta Rafelbunyol i el Puig de Santa Maria han fixat la forma oficial del seu nom: Decret 140\/2012, de 28 de setembre, del Consell, pel qual s\u2019aprova el canvi de denominaci\u00f3 del municipi de Puig per la forma exclusiva en valenci\u00e0 el Puig de Santa Maria [pdf] Decret 144\/2012, de 5 d\u2019octubre, [&hellip;]<\/p>\n","protected":false},"author":2,"featured_media":0,"comment_status":"open","ping_status":"open","sticky":false,"template":"","format":"standard","meta":{"footnotes":""},"categories":[1,32],"tags":[372],"class_list":["post-2553","post","type-post","status-publish","format-standard","hentry","category-general","category-toponimia","tag-pobles"],"_links":{"self":[{"href":"https:\/\/www.cdlpv.org\/dtl\/wp-json\/wp\/v2\/posts\/2553","targetHints":{"allow":["GET"]}}],"collection":[{"href":"https:\/\/www.cdlpv.org\/dtl\/wp-json\/wp\/v2\/posts"}],"about":[{"href":"https:\/\/www.cdlpv.org\/dtl\/wp-json\/wp\/v2\/types\/post"}],"author":[{"embeddable":true,"href":"https:\/\/www.cdlpv.org\/dtl\/wp-json\/wp\/v2\/users\/2"}],"replies":[{"embeddable":true,"href":"https:\/\/www.cdlpv.org\/dtl\/wp-json\/wp\/v2\/comments?post=2553"}],"version-history":[{"count":0,"href":"https:\/\/www.cdlpv.org\/dtl\/wp-json\/wp\/v2\/posts\/2553\/revisions"}],"wp:attachment":[{"href":"https:\/\/www.cdlpv.org\/dtl\/wp-json\/wp\/v2\/media?parent=2553"}],"wp:term":[{"taxonomy":"category","embeddable":true,"href":"https:\/\/www.cdlpv.org\/dtl\/wp-json\/wp\/v2\/categories?post=2553"},{"taxonomy":"post_tag","embeddable":true,"href":"https:\/\/www.cdlpv.org\/dtl\/wp-json\/wp\/v2\/tags?post=2553"}],"curies":[{"name":"wp","href":"https:\/\/api.w.org\/{rel}","templated":true}]}}