{"id":255,"date":"2007-12-10T12:13:52","date_gmt":"2007-12-10T11:13:52","guid":{"rendered":"http:\/\/www.cdlpv.org\/dtl\/?p=255"},"modified":"2007-12-10T12:13:52","modified_gmt":"2007-12-10T11:13:52","slug":"francisco-camps-tanca-el-repetidor-de-la-carrasqueta","status":"publish","type":"post","link":"https:\/\/www.cdlpv.org\/dtl\/2007\/12\/10\/francisco-camps-tanca-el-repetidor-de-la-carrasqueta\/","title":{"rendered":"Francisco Camps tanca el repetidor de la Carrasqueta"},"content":{"rendered":"<p><a href='http:\/\/www.cdlpv.org\/dtl\/wp-content\/tncarrasqueta.jpg' title='Tallen la TV3 al sud del PV'><img src='http:\/\/www.cdlpv.org\/dtl\/wp-content\/tncarrasqueta.jpg' alt='Tallen la TV3 al sud del PV' width=\"212.5\" height=\"163\" align=\"right\"\/><\/a><br \/>\nSegons informen <a href=\"http:\/\/www.vilaweb.cat\/www\/noticia?p_idcmp=2660731&#038;p_edi=General\" target=\"_blank\">Vilaweb<\/a> i la <a href=\"http:\/\/www.noticies.cat\/pnoticies\/notItem.jsp?item=noticia&#038;idint=235087\" target=\"_blank\"><span class=\"versaleta\">tv3<\/span><\/a>, la Generalitat valenciana \u2014nom\u00e9s d&#8217;alguns valencians, pel que sembla\u2014 ha fet efectiva la seua amena\u00e7a de clavillar m\u00e9s encara l&#8217;escarransit panorama audiovisual valenci\u00e0 en catal\u00e0. Han precintat el repetidor de la Carrasqueta <a href=\"http:\/\/www.vilaweb.cat\/www\/noticia?p_idcmp=2660810&#038;p_edi=General\" target=\"_blank\">[veg. zona afectada]<\/a> gr\u00e0cies a una autoritzaci\u00f3 judicial, autoritzaci\u00f3 d&#8217;un jutjat que no ha tingut en compte els valors assumits i protegits per la jutgessa Estrella Blanes Rodr\u00edguez de Val\u00e8ncia en la seua <a href=\"http:\/\/www.cdlpv.org\/dtl\/wp-content\/monduber-tv3\/monduber.htm\" target=\"_blank\">interlocut\u00f2ria<\/a> que va impedir la interrupci\u00f3 del repetidor del Bartolo, tal com vam poder llegir el <a href=\"http:\/\/www.cdlpv.org\/dtl\/?p=59\" target=\"_blank\">24 d&#8217;abril<\/a> d&#8217;enguany.<\/p>\n","protected":false},"excerpt":{"rendered":"<p>Segons informen Vilaweb i la tv3, la Generalitat valenciana \u2014nom\u00e9s d&#8217;alguns valencians, pel que sembla\u2014 ha fet efectiva la seua amena\u00e7a de clavillar m\u00e9s encara l&#8217;escarransit panorama audiovisual valenci\u00e0 en catal\u00e0. Han precintat el repetidor de la Carrasqueta [veg. zona afectada] gr\u00e0cies a una autoritzaci\u00f3 judicial, autoritzaci\u00f3 d&#8217;un jutjat que no ha tingut en compte [&hellip;]<\/p>\n","protected":false},"author":2,"featured_media":0,"comment_status":"open","ping_status":"open","sticky":false,"template":"","format":"standard","meta":{"footnotes":""},"categories":[36,2,1,14,19,27,34],"tags":[89,100,195,487],"class_list":["post-255","post","type-post","status-publish","format-standard","hentry","category-allofobia","category-comunicacio","category-general","category-jurisprudencia","category-politica","category-sociolinguistica","category-tv3","tag-carrasqueta","tag-censura","tag-estrella-blanes","tag-tv3"],"_links":{"self":[{"href":"https:\/\/www.cdlpv.org\/dtl\/wp-json\/wp\/v2\/posts\/255","targetHints":{"allow":["GET"]}}],"collection":[{"href":"https:\/\/www.cdlpv.org\/dtl\/wp-json\/wp\/v2\/posts"}],"about":[{"href":"https:\/\/www.cdlpv.org\/dtl\/wp-json\/wp\/v2\/types\/post"}],"author":[{"embeddable":true,"href":"https:\/\/www.cdlpv.org\/dtl\/wp-json\/wp\/v2\/users\/2"}],"replies":[{"embeddable":true,"href":"https:\/\/www.cdlpv.org\/dtl\/wp-json\/wp\/v2\/comments?post=255"}],"version-history":[{"count":0,"href":"https:\/\/www.cdlpv.org\/dtl\/wp-json\/wp\/v2\/posts\/255\/revisions"}],"wp:attachment":[{"href":"https:\/\/www.cdlpv.org\/dtl\/wp-json\/wp\/v2\/media?parent=255"}],"wp:term":[{"taxonomy":"category","embeddable":true,"href":"https:\/\/www.cdlpv.org\/dtl\/wp-json\/wp\/v2\/categories?post=255"},{"taxonomy":"post_tag","embeddable":true,"href":"https:\/\/www.cdlpv.org\/dtl\/wp-json\/wp\/v2\/tags?post=255"}],"curies":[{"name":"wp","href":"https:\/\/api.w.org\/{rel}","templated":true}]}}