{"id":2548,"date":"2012-10-24T11:40:41","date_gmt":"2012-10-24T09:40:41","guid":{"rendered":"http:\/\/www.cdlpv.org\/dtl\/?p=2548"},"modified":"2012-10-24T11:40:41","modified_gmt":"2012-10-24T09:40:41","slug":"jornades-de-sociolinguistica-de-la-nucia","status":"publish","type":"post","link":"https:\/\/www.cdlpv.org\/dtl\/2012\/10\/24\/jornades-de-sociolinguistica-de-la-nucia\/","title":{"rendered":"Jornades de socioling\u00fc\u00edstica de la Nucia"},"content":{"rendered":"<p>Les jornades de socioling\u00fc\u00edstica de la Nucia (9, 10, 16 i 17 de novembre) tenen enguany el programa seg\u00fcent:<\/p>\n<blockquote><p>\n<strong>Divendres 9 de novembre<\/strong><\/p>\n<p>16:00-16:30h Lliurament de materials als inscrits. Acte d&#8217;inauguraci\u00f3<br \/>\n16:30-17:30h Maria Ant\u00f2nia Cano, Maria \u00c0ngels Fuster, Elena S\u00e1nchez, Josep Martines, Vicent Martines, Sandra Montserrat (Universitat d&#8217;Alacant): \u00ab25 anys de Cursos de Socioling\u00fc\u00edstica de la Nucia: balan\u00e7 i perspectiva de futur\u00bb<br \/>\n17:30-18:30h Isidor Mar\u00ed (President de la Secci\u00f3 Filol\u00f2gica, Institut d&#8217;Estudis Catalans): \u00abPerspectives en la codificaci\u00f3 i l\u2019estandarditzaci\u00f3 del catal\u00e0\u00bb<br \/>\n19:00-20:00 h Vicent Brotons (Universitat d&#8217;Alacant, UEM): \u00abDel valenci\u00e0 a l&#8217;escola a l&#8217;Escola Valenciana pluriling\u00fce\u00bb<br \/>\n20:00-21:30h Miquel \u00c0ngel Pradilla (Univesitat Rovira i Virgili; Institut d&#8217;Estudis Catalans): \u00abEnsenyament de la llengua i context socioling\u00fc\u00edstic\u00bb<\/p>\n<p><strong>Dissabte 10 de novembre<\/strong><\/p>\n<p>09:00-11:00h Xos\u00e9 Ant\u00f3n Gonz\u00e1lez Ria\u00f1o (Universitat d&#8217;Oviedo, Academia de la Llingua Asturiana): \u00abEl asturiano desde el punto de vista socioling\u00fc\u00edstico y socioeducativo\u00bb<br \/>\n11:30-12:45h Maria Pilar Ben\u00edtez (Facultat d&#8217;Educaci\u00f3; Universitat de Saragossa):\u00abL&#8217;amostranza d&#8217;a luenga aragonesa: un prozeso en (de)construzi\u00f3n\u00bb<br \/>\n13:00-15:00h Jordi Su\u00efls (Universitat de Lleida): \u00abSituaci\u00f3 socioling\u00fc\u00edstica i ensenyament de l&#8217;aran\u00e8s\u00bb<\/p>\n<p><strong>Divendres 16 de novembre<\/strong><\/p>\n<p>16:00-17:30h Jos\u00e9 Antonio Pascual (Real Academia Espa\u00f1ola): \u00abLa idea del policentrismo en la lengua espa\u00f1ola\u00bb<br \/>\n18:00-19:30 h Juan Carlos Moreno Cabrera (Universitat Aut\u00f2noma de Madrid): \u00abEl imperio de la lengua com\u00fan. Ideologia, pol\u00edtica y econom\u00eda del espa\u00f1olismo ling\u00fc\u00edstico\u00bb<br \/>\n20:00-21:30h Josetxu Madariaga (Escola de Magisteri de Bilbao; Universitat del Pa\u00eds Basc): \u00abEl euskara en el siglo XXI. El papel de la educaci\u00f3n\u00bb<\/p>\n<p><strong>Dissabte 17 de novembre<\/strong><\/p>\n<p>9:30-11:00h Manuel Gonz\u00e1lez Gonz\u00e1lez (Universitat de Santiago de Composte&#320;la, Reial Acad\u00e8mia Gallega, Institut d&#8217;Estudis Catalans): \u00abProceso de codificaci\u00f3ndo galego\u00bb.<br \/>\n11:00-12:30h Jos\u00e9 Enrique Gargallo (Universitat de Barcelona): \u00abRoman\u00e7os de frontera a la Pell de brau\u00bb<br \/>\n13:30-13:30: Xos\u00e9 Henrique Monteagudo Romero (Universitat de Santiago de Composte&#320;la, Reial Acad\u00e8mia Gallega): \u00abSituaci\u00f3n socioling\u00fc\u00edstica e ensino do galego\u00bb.<br \/>\n13:30-15:00h Hans-Ingo Radatz (Universitat de Bamberg, Alemanya): \u00abPer a una tipologia socioling\u00fc\u00edstica: les Lleng\u00fces Regionals Occidentals (= LleROc) com a tipus configuracional\u00bb\n<\/p><\/blockquote>\n<p>M\u00e9s informaci\u00f3: <a href=\"http:\/\/web.ua.es\/va\/seus\/lanucia\/cursos-i-jornades\/2012-2013\/sociolinguistica\/xxv-curs-de-sociolinguistica-de-la-nucia-ensenyament-context-sociolinguistic-i-codificacio-de-les-llengues-a-l-estat-espanyol.html\" target=\"_blank\">Universita d&#8217;Alacant<\/a>.<\/p>\n","protected":false},"excerpt":{"rendered":"<p>Les jornades de socioling\u00fc\u00edstica de la Nucia (9, 10, 16 i 17 de novembre) tenen enguany el programa seg\u00fcent: Divendres 9 de novembre 16:00-16:30h Lliurament de materials als inscrits. Acte d&#8217;inauguraci\u00f3 16:30-17:30h Maria Ant\u00f2nia Cano, Maria \u00c0ngels Fuster, Elena S\u00e1nchez, Josep Martines, Vicent Martines, Sandra Montserrat (Universitat d&#8217;Alacant): \u00ab25 anys de Cursos de Socioling\u00fc\u00edstica de [&hellip;]<\/p>\n","protected":false},"author":2,"featured_media":0,"comment_status":"open","ping_status":"open","sticky":false,"template":"","format":"standard","meta":{"footnotes":""},"categories":[45,10,1,27],"tags":[135,269],"class_list":["post-2548","post","type-post","status-publish","format-standard","hentry","category-ensenyament","category-formacio","category-general","category-sociolinguistica","tag-cursos","tag-la-nucia"],"_links":{"self":[{"href":"https:\/\/www.cdlpv.org\/dtl\/wp-json\/wp\/v2\/posts\/2548","targetHints":{"allow":["GET"]}}],"collection":[{"href":"https:\/\/www.cdlpv.org\/dtl\/wp-json\/wp\/v2\/posts"}],"about":[{"href":"https:\/\/www.cdlpv.org\/dtl\/wp-json\/wp\/v2\/types\/post"}],"author":[{"embeddable":true,"href":"https:\/\/www.cdlpv.org\/dtl\/wp-json\/wp\/v2\/users\/2"}],"replies":[{"embeddable":true,"href":"https:\/\/www.cdlpv.org\/dtl\/wp-json\/wp\/v2\/comments?post=2548"}],"version-history":[{"count":0,"href":"https:\/\/www.cdlpv.org\/dtl\/wp-json\/wp\/v2\/posts\/2548\/revisions"}],"wp:attachment":[{"href":"https:\/\/www.cdlpv.org\/dtl\/wp-json\/wp\/v2\/media?parent=2548"}],"wp:term":[{"taxonomy":"category","embeddable":true,"href":"https:\/\/www.cdlpv.org\/dtl\/wp-json\/wp\/v2\/categories?post=2548"},{"taxonomy":"post_tag","embeddable":true,"href":"https:\/\/www.cdlpv.org\/dtl\/wp-json\/wp\/v2\/tags?post=2548"}],"curies":[{"name":"wp","href":"https:\/\/api.w.org\/{rel}","templated":true}]}}