{"id":2540,"date":"2012-10-19T12:50:13","date_gmt":"2012-10-19T10:50:13","guid":{"rendered":"http:\/\/www.cdlpv.org\/dtl\/?p=2540"},"modified":"2012-10-19T12:50:13","modified_gmt":"2012-10-19T10:50:13","slug":"sobre-els-valencians-moderns","status":"publish","type":"post","link":"https:\/\/www.cdlpv.org\/dtl\/2012\/10\/19\/sobre-els-valencians-moderns\/","title":{"rendered":"Sobre els valencians moderns"},"content":{"rendered":"<p>L&#8217;associaci\u00f3 <a href=\"http:\/\/www.filologiavalenciana.org\/content\/benvinguts\" target=\"_blank\">Taula de Filologia Valenciana<\/a> ha tret el primer n\u00famero de la seua revista <em>Aula de Lletres Valencianes<\/em>. Enric S\u00f2ria se n&#8217;ha fet ress\u00f2 en un article en el <em>Quadern<\/em> de diari <em>El Pa\u00eds<\/em> <a href=\"http:\/\/ccaa.elpais.com\/ccaa\/2012\/10\/17\/quadern\/1350500421_972255.html\" target=\"_blank\">(17.10.2012)<\/a>. Del que comenta Enric S\u00f2ria ressaltem el seg\u00fcent:<\/p>\n<blockquote><p>\n[&#8230;]\n<p>Els objectius de la nova publicaci\u00f3 s\u00f3n filol\u00f2gics, en el sentit acad\u00e8mic, per\u00f2 tamb\u00e9 es proposa una utilitat pr\u00e0ctica: \u00abmillorar l\u2019activitat de les aules on s\u2019ensenya el valenci\u00e0\u00bb. \u00c9s a dir, facilitar la tasca dels nostres docents i potser encoratjar-los, que prou falta que els fa, sobretot ara que l\u2019aprovaci\u00f3 del decret de pluriling\u00fcisme posa en perill l\u2019aprenentatge en valenci\u00e0 i, amb ell, bona part del treball fet. Aquest \u00e9s l\u2019horitz\u00f3, m\u00e9s aviat fosc, que ombreja l\u2019aparici\u00f3 d\u2019<em>Aula<\/em>.<\/p>\n[&#8230;]\n<p>Tot aix\u00f2 est\u00e0 molt b\u00e9; m\u00e9s encara, \u00e9s obvi, i si a molts amadors del valenci\u00e0 encara no els ho sembla \u00e9s perqu\u00e8 la normativitis excessiva &mdash;barrejada d\u2019autoodi&mdash; ha fet entre nosaltres estralls greus. Una altra cosa \u00e9s que els autors a vegades formulen aquesta obvietat de forma ausades dr\u00e0stica. No cal, per exemple, que triem entre defensar l\u2019\u00fas social de la llengua o defensar-ne la unitat. Per descomptat, l\u2019\u00fas \u00e9s prioritari, perqu\u00e8 a ning\u00fa li importa ni poc ni gens si una llengua morta est\u00e0 fragmentada o no (i qui no ho veja aix\u00ed s\u2019ha tornat boig), per\u00f2 el fet \u00e9s que, amb una mica de sentit de la mesura, podem defensar els dos objectius al mateix temps, i en realitat es complementen.\n<\/p><\/blockquote>\n","protected":false},"excerpt":{"rendered":"<p>L&#8217;associaci\u00f3 Taula de Filologia Valenciana ha tret el primer n\u00famero de la seua revista Aula de Lletres Valencianes. Enric S\u00f2ria se n&#8217;ha fet ress\u00f2 en un article en el Quadern de diari El Pa\u00eds (17.10.2012). Del que comenta Enric S\u00f2ria ressaltem el seg\u00fcent: [&#8230;] Els objectius de la nova publicaci\u00f3 s\u00f3n filol\u00f2gics, en el sentit [&hellip;]<\/p>\n","protected":false},"author":2,"featured_media":0,"comment_status":"open","ping_status":"open","sticky":false,"template":"","format":"standard","meta":{"footnotes":""},"categories":[1,22,27],"tags":[417,472],"class_list":["post-2540","post","type-post","status-publish","format-standard","hentry","category-general","category-recerca","category-sociolinguistica","tag-revistes","tag-tfv"],"_links":{"self":[{"href":"https:\/\/www.cdlpv.org\/dtl\/wp-json\/wp\/v2\/posts\/2540","targetHints":{"allow":["GET"]}}],"collection":[{"href":"https:\/\/www.cdlpv.org\/dtl\/wp-json\/wp\/v2\/posts"}],"about":[{"href":"https:\/\/www.cdlpv.org\/dtl\/wp-json\/wp\/v2\/types\/post"}],"author":[{"embeddable":true,"href":"https:\/\/www.cdlpv.org\/dtl\/wp-json\/wp\/v2\/users\/2"}],"replies":[{"embeddable":true,"href":"https:\/\/www.cdlpv.org\/dtl\/wp-json\/wp\/v2\/comments?post=2540"}],"version-history":[{"count":0,"href":"https:\/\/www.cdlpv.org\/dtl\/wp-json\/wp\/v2\/posts\/2540\/revisions"}],"wp:attachment":[{"href":"https:\/\/www.cdlpv.org\/dtl\/wp-json\/wp\/v2\/media?parent=2540"}],"wp:term":[{"taxonomy":"category","embeddable":true,"href":"https:\/\/www.cdlpv.org\/dtl\/wp-json\/wp\/v2\/categories?post=2540"},{"taxonomy":"post_tag","embeddable":true,"href":"https:\/\/www.cdlpv.org\/dtl\/wp-json\/wp\/v2\/tags?post=2540"}],"curies":[{"name":"wp","href":"https:\/\/api.w.org\/{rel}","templated":true}]}}