{"id":254,"date":"2007-12-08T22:12:22","date_gmt":"2007-12-08T21:12:22","guid":{"rendered":"http:\/\/www.cdlpv.org\/dtl\/?p=254"},"modified":"2007-12-08T22:12:22","modified_gmt":"2007-12-08T21:12:22","slug":"cap-a-futbol","status":"publish","type":"post","link":"https:\/\/www.cdlpv.org\/dtl\/2007\/12\/08\/cap-a-futbol\/","title":{"rendered":"Cap a futbol"},"content":{"rendered":"<p>L&#8217;<span class=\"versaleta\">avl<\/span> va fent les seues coses. Ara trau un vocabulari de futbol. El m\u00e9s sorprenent de la not\u00edcia de Ferran Bono (<em>El Pa\u00eds<\/em>, <a href=\"http:\/\/www.elpais.com\/articulo\/Comunidad\/Valenciana\/diu\/futbito\/cal\/dir\/futbet\/elpepuespval\/20071207elpval_12\/Tes\/\" target=\"_blank\">07.12.2007<\/a>) \u00e9s, per\u00f2, el comentari de l&#8217;acad\u00e8mic J. L. Dom\u00e9nech:<\/p>\n<blockquote><p>\nPer a confeccionar-lo s&#8217;ha consultat material divers &mdash;\u00abla veritat \u00e9s que no n&#8217;hi ha molt\u00bb, postil\u00b7la Dom\u00e9nech&mdash;, el model de Canal 9 i s&#8217;ha parlat amb professionals. Es publicar\u00e0 en uns mesos amb il\u00b7lustracions per als xiquets i estudiants.\n<\/p><\/blockquote>\n<p>Al cap de m\u00e9s de trenta anys de futbol en catal\u00e0 sentir que un acad\u00e8mic diu que no n&#8217;hi ha molt de material de treball sembla un poc fora de lloc. El que no hi deu haver al Pa\u00eds Valenci\u00e0 \u00e9s la difusi\u00f3 m\u00ednima imprescindible ni una oferta que tinga el gruix i la qualitat desitjables, si tenim en compte que ni tan sols en Canal 9 les transmissions s\u00f3n totalment en valenci\u00e0. El que no n&#8217;hi ha al Pa\u00eds Valenci\u00e0 s\u00f3n mitjans que difonguen les solucions conegudes, assentades i en evoluci\u00f3 permanent, tot el que les transmissions i cr\u00f2niques esportives han pogut aportar i que els usuaris hem rebut i assimilat perfectament quan hem tingut ocasi\u00f3 &mdash;principalment a trav\u00e9s de <span class=\"versaleta\">tv3<\/span> i Catalunya R\u00e0dio.<\/p>\n<p>En canvi, una cerca r\u00e0pida de materials ens permet trobar els vocabularis del Termcat (1992 i 2006: <a href=\"http:\/\/www.termcat.cat\/dicci\/futbol\/index.html\" target=\"_blank\">[en l\u00ednia]<\/a>), ara en proc\u00e9s de revisi\u00f3, o, anterior encara, pel <em>Vocabulari del futbol<\/em> de J. M. Puyal i A. Badia i Gabarro (1976); tamb\u00e9 hi ha el llibre de Neus Faura i Pujol <em>Futbol i llenguatge<\/em> (1998), i el <em>Vocabulari b\u00e0sic de futbol<\/em> <a href=\"http:\/\/www.ajvila-real.es\/normalitzacio\/norm_publicacions_futbol_va.html\" target=\"_blank\">[en l\u00ednia]<\/a> de l&#8217;Ajuntament de Vila-real; a m\u00e9s, el <em>Diccionari de futbol<\/em> d&#8217;Ortega Robert (2003) o fins i tot altres recursos m\u00e9s informals, per\u00f2 que tenen en compte l&#8217;angl\u00e9s, com el <em>Soccer dictionary<\/em> <a href=\"http:\/\/www.estadium.ya.com\/entrenantfutbol\/diccionari\/diccionari.html\" target=\"_blank\">[en l\u00ednia]<\/a>, preocupaci\u00f3 que &mdash;segons la not\u00edcia del diari&mdash; no ha tingut l&#8217;acad\u00e8mia, i \u00e9s una mancan\u00e7a que comen\u00e7a a ser preocupant en les seues tasques (com s&#8217;esdevenia en el cas del <em>Vocabulari n\u00e0utic<\/em> <a href=\"http:\/\/www.avl.gva.es\/img\/EdicionsPublicacions\/Publicacions\/NAUTIC.pdf\" target=\"_blank\">[<span class=\"versaleta\">pdf<\/span>]<\/a>), a m\u00e9s del mal costum, que espere que hagen corregit, de no indicar la bibliografia d&#8217;on beuen.<\/p>\n<p>Una altra q\u00fcesti\u00f3 que podr\u00edem esbrinar \u00e9s com ha segut que si, segons Toni Moll\u00e0, es van inventar en Canal 9 l&#8217;expressi\u00f3 \u00abfer un ciri\u00bb, la forma en espanyol siga una equival\u00e8ncia directa: \u00abhacer un cirio\u00bb (expressi\u00f3 que no hem sabut documentar en esta llengua), per a una idea que, d&#8217;altra banda, supose que devien con\u00e9ixer. O potser \u00e9s la nostra aportaci\u00f3 al m\u00f3n del futbol, al costat del <em>fl\u00e8quic<\/em> rescatat i reviscolat per Puyal.<\/p>\n","protected":false},"excerpt":{"rendered":"<p>L&#8217;avl va fent les seues coses. Ara trau un vocabulari de futbol. El m\u00e9s sorprenent de la not\u00edcia de Ferran Bono (El Pa\u00eds, 07.12.2007) \u00e9s, per\u00f2, el comentari de l&#8217;acad\u00e8mic J. L. Dom\u00e9nech: Per a confeccionar-lo s&#8217;ha consultat material divers &mdash;\u00abla veritat \u00e9s que no n&#8217;hi ha molt\u00bb, postil\u00b7la Dom\u00e9nech&mdash;, el model de Canal 9 [&hellip;]<\/p>\n","protected":false},"author":2,"featured_media":0,"comment_status":"open","ping_status":"open","sticky":false,"template":"","format":"standard","meta":{"footnotes":""},"categories":[38,2,10,1,27,30],"tags":[70,208,217,316,393,467,487],"class_list":["post-254","post","type-post","status-publish","format-standard","hentry","category-avl","category-comunicacio","category-formacio","category-general","category-sociolinguistica","category-terminologia","tag-avl","tag-flequic","tag-futbol","tag-molla","tag-puyal","tag-termcat","tag-tv3"],"_links":{"self":[{"href":"https:\/\/www.cdlpv.org\/dtl\/wp-json\/wp\/v2\/posts\/254","targetHints":{"allow":["GET"]}}],"collection":[{"href":"https:\/\/www.cdlpv.org\/dtl\/wp-json\/wp\/v2\/posts"}],"about":[{"href":"https:\/\/www.cdlpv.org\/dtl\/wp-json\/wp\/v2\/types\/post"}],"author":[{"embeddable":true,"href":"https:\/\/www.cdlpv.org\/dtl\/wp-json\/wp\/v2\/users\/2"}],"replies":[{"embeddable":true,"href":"https:\/\/www.cdlpv.org\/dtl\/wp-json\/wp\/v2\/comments?post=254"}],"version-history":[{"count":0,"href":"https:\/\/www.cdlpv.org\/dtl\/wp-json\/wp\/v2\/posts\/254\/revisions"}],"wp:attachment":[{"href":"https:\/\/www.cdlpv.org\/dtl\/wp-json\/wp\/v2\/media?parent=254"}],"wp:term":[{"taxonomy":"category","embeddable":true,"href":"https:\/\/www.cdlpv.org\/dtl\/wp-json\/wp\/v2\/categories?post=254"},{"taxonomy":"post_tag","embeddable":true,"href":"https:\/\/www.cdlpv.org\/dtl\/wp-json\/wp\/v2\/tags?post=254"}],"curies":[{"name":"wp","href":"https:\/\/api.w.org\/{rel}","templated":true}]}}