{"id":2521,"date":"2012-09-22T14:30:06","date_gmt":"2012-09-22T12:30:06","guid":{"rendered":"http:\/\/www.cdlpv.org\/dtl\/?p=2521"},"modified":"2012-09-22T14:30:06","modified_gmt":"2012-09-22T12:30:06","slug":"flaix-sobre-la-comissio-de-toponimia-de-catalunya","status":"publish","type":"post","link":"https:\/\/www.cdlpv.org\/dtl\/2012\/09\/22\/flaix-sobre-la-comissio-de-toponimia-de-catalunya\/","title":{"rendered":"Flaix sobre la Comissi\u00f3 de Topon\u00edmia de Catalunya"},"content":{"rendered":"<p>Els <em>Flaixos d\u2019Actualitat<\/em> (n\u00fam. 94, <a href=\"http:\/\/www6.gencat.cat\/llengcat\/Flaixos_94\/www20.gencat.cat\/portal\/site\/Llengcat\/menuitem.08f45c9e3857090e3285bdb1b0c0e1a0\/index88fa.html\" target=\"_blank\">19.09.2012<\/a>) ens envien, entre altres, la informaci\u00f3 seg\u00fcent:<\/p>\n<blockquote>\n<h2>La Direcci\u00f3 General de Pol\u00edtica Ling\u00fc\u00edstica assumeix la Secretaria de la Comissi\u00f3 de Topon\u00edmia<\/h2>\n<p>El dia 13 de setembre es va reunir la Comissi\u00f3 de Topon\u00edmia de Catalunya, presidida per Yvonne Griley, directora general de Pol\u00edtica Ling\u00fc\u00edstica del Departament de Cultura. En aquesta sessi\u00f3, la Direcci\u00f3 General de Pol\u00edtica Ling\u00fc\u00edstica va assumir tamb\u00e9 la Secretaria de la Comissi\u00f3, que exercir\u00e0 Montserrat Montagut, cap del Servei de Recursos Ling\u00fc\u00edstics, en substituci\u00f3 de Francesc Vilar\u00f3. En aquesta mateixa sessi\u00f3 s\u2019hi va incorporar la nova representant del Conselh Generau d\u2019Aran, Lourdes Espanya.<\/p>\n<p>La Comissi\u00f3 de Topon\u00edmia de Catalunya \u00e9s l&#8217;\u00f2rgan d&#8217;assessorament, consulta i proposta en mat\u00e8ria de fixaci\u00f3 oficial dels top\u00f2nims de Catalunya. Pel treball rigor\u00f3s, els criteris i el tractament en l\u2019aplicaci\u00f3 dels top\u00f2nims, \u00e9s en aquests moments un referent reconegut tamb\u00e9 per altes institucions internacionals, com es va posar de manifest en el darrer Congr\u00e9s Internacional d\u2019<span class=\"versaleta\">icos<\/span>, celebrat a Barcelona el setembre del 2011.<br \/>\n\u00a0<br \/>\nEntre els principals temes, es va tractar de l\u2019impuls de la publicaci\u00f3 de les actes del Congr\u00e9s <span class=\"versaleta\">icos<\/span>, a m\u00e9s de la pres\u00e8ncia de la topon\u00edmia catalana en productes inform\u00e0tics de geolocalitzaci\u00f3 per buscar solucions a l\u2019\u00fas correcte de top\u00f2n\u00ecms en aplicacions com ara Google Maps, geolocalitzadors, etc. Finalment, es va acordar intensificar els treballs de la Comissi\u00f3, de manera que la propera reuni\u00f3 sigui ja dins del primer trimestre del 2013.\n<\/p><\/blockquote>\n","protected":false},"excerpt":{"rendered":"<p>Els Flaixos d\u2019Actualitat (n\u00fam. 94, 19.09.2012) ens envien, entre altres, la informaci\u00f3 seg\u00fcent: La Direcci\u00f3 General de Pol\u00edtica Ling\u00fc\u00edstica assumeix la Secretaria de la Comissi\u00f3 de Topon\u00edmia El dia 13 de setembre es va reunir la Comissi\u00f3 de Topon\u00edmia de Catalunya, presidida per Yvonne Griley, directora general de Pol\u00edtica Ling\u00fc\u00edstica del Departament de Cultura. En [&hellip;]<\/p>\n","protected":false},"author":2,"featured_media":0,"comment_status":"open","ping_status":"open","sticky":false,"template":"","format":"standard","meta":{"footnotes":""},"categories":[2,32],"tags":[96,206],"class_list":["post-2521","post","type-post","status-publish","format-standard","hentry","category-comunicacio","category-toponimia","tag-catalunya","tag-flaixos-dactualitat"],"_links":{"self":[{"href":"https:\/\/www.cdlpv.org\/dtl\/wp-json\/wp\/v2\/posts\/2521","targetHints":{"allow":["GET"]}}],"collection":[{"href":"https:\/\/www.cdlpv.org\/dtl\/wp-json\/wp\/v2\/posts"}],"about":[{"href":"https:\/\/www.cdlpv.org\/dtl\/wp-json\/wp\/v2\/types\/post"}],"author":[{"embeddable":true,"href":"https:\/\/www.cdlpv.org\/dtl\/wp-json\/wp\/v2\/users\/2"}],"replies":[{"embeddable":true,"href":"https:\/\/www.cdlpv.org\/dtl\/wp-json\/wp\/v2\/comments?post=2521"}],"version-history":[{"count":0,"href":"https:\/\/www.cdlpv.org\/dtl\/wp-json\/wp\/v2\/posts\/2521\/revisions"}],"wp:attachment":[{"href":"https:\/\/www.cdlpv.org\/dtl\/wp-json\/wp\/v2\/media?parent=2521"}],"wp:term":[{"taxonomy":"category","embeddable":true,"href":"https:\/\/www.cdlpv.org\/dtl\/wp-json\/wp\/v2\/categories?post=2521"},{"taxonomy":"post_tag","embeddable":true,"href":"https:\/\/www.cdlpv.org\/dtl\/wp-json\/wp\/v2\/tags?post=2521"}],"curies":[{"name":"wp","href":"https:\/\/api.w.org\/{rel}","templated":true}]}}