{"id":252,"date":"2007-12-06T21:52:24","date_gmt":"2007-12-06T20:52:24","guid":{"rendered":"http:\/\/www.cdlpv.org\/dtl\/?p=252"},"modified":"2007-12-06T21:52:24","modified_gmt":"2007-12-06T20:52:24","slug":"les-corts-valencianes-nomes-per-a-castellans","status":"publish","type":"post","link":"https:\/\/www.cdlpv.org\/dtl\/2007\/12\/06\/les-corts-valencianes-nomes-per-a-castellans\/","title":{"rendered":"Les Corts valencianes nom\u00e9s per a castellans"},"content":{"rendered":"<p><a href='http:\/\/www.cdlpv.org\/dtl\/wp-content\/infantiles.jpg' title='Corts infantils nom\u00e9s per a castellans' target='_blank'><img src='http:\/\/www.cdlpv.org\/dtl\/wp-content\/infantiles.thumbnail.jpg' alt='Corts infantils nom\u00e9s per a castellans' align=\"right\"\/><\/a>En este cas, la imatge es comenta a soles. Hui, dia de la Constituci\u00f3 espanyola; ahir portes obertes a les Corts \u00fanicament als castellans, si tenim en compte els quatre cartells que van plantar davant de la porta. I, tal com podem vore en la imatge, l&#8217;aplicaci\u00f3 Flash que convida a les \u00abCorts Infantils\u00bb, convida els xiquets i xiquetes nom\u00e9s en una llengua.<\/p>\n<p>No puc dir que sobren les paraules, sin\u00f3 tot el contrari: alg\u00fa hauria de retre comptes i, a m\u00e9s, hauria de rectificar el seu comportament habitual, que discrimina <\/em>sistem\u00e0ticament<\/em> el valenci\u00e0. No \u00e9s sistem\u00e0tic, perqu\u00e8 no hi ha planificaci\u00f3, tot \u00e9s improvisat&#8230; \u00bfImprovisat? Puga ser, per\u00f2 vulnerant permanentment els drets ling\u00fc\u00edstics dels valencians.<\/p>\n","protected":false},"excerpt":{"rendered":"<p>En este cas, la imatge es comenta a soles. Hui, dia de la Constituci\u00f3 espanyola; ahir portes obertes a les Corts \u00fanicament als castellans, si tenim en compte els quatre cartells que van plantar davant de la porta. I, tal com podem vore en la imatge, l&#8217;aplicaci\u00f3 Flash que convida a les \u00abCorts Infantils\u00bb, convida [&hellip;]<\/p>\n","protected":false},"author":2,"featured_media":0,"comment_status":"open","ping_status":"open","sticky":false,"template":"","format":"standard","meta":{"footnotes":""},"categories":[36,2,1,47,19,24,26],"tags":[127,152,253],"class_list":["post-252","post","type-post","status-publish","format-standard","hentry","category-allofobia","category-comunicacio","category-general","category-planificacio","category-politica","category-requisit-linguistic","category-serveis-linguistics","tag-corts","tag-discriminacio","tag-irresponsables"],"_links":{"self":[{"href":"https:\/\/www.cdlpv.org\/dtl\/wp-json\/wp\/v2\/posts\/252","targetHints":{"allow":["GET"]}}],"collection":[{"href":"https:\/\/www.cdlpv.org\/dtl\/wp-json\/wp\/v2\/posts"}],"about":[{"href":"https:\/\/www.cdlpv.org\/dtl\/wp-json\/wp\/v2\/types\/post"}],"author":[{"embeddable":true,"href":"https:\/\/www.cdlpv.org\/dtl\/wp-json\/wp\/v2\/users\/2"}],"replies":[{"embeddable":true,"href":"https:\/\/www.cdlpv.org\/dtl\/wp-json\/wp\/v2\/comments?post=252"}],"version-history":[{"count":0,"href":"https:\/\/www.cdlpv.org\/dtl\/wp-json\/wp\/v2\/posts\/252\/revisions"}],"wp:attachment":[{"href":"https:\/\/www.cdlpv.org\/dtl\/wp-json\/wp\/v2\/media?parent=252"}],"wp:term":[{"taxonomy":"category","embeddable":true,"href":"https:\/\/www.cdlpv.org\/dtl\/wp-json\/wp\/v2\/categories?post=252"},{"taxonomy":"post_tag","embeddable":true,"href":"https:\/\/www.cdlpv.org\/dtl\/wp-json\/wp\/v2\/tags?post=252"}],"curies":[{"name":"wp","href":"https:\/\/api.w.org\/{rel}","templated":true}]}}