{"id":2513,"date":"2012-09-12T19:42:14","date_gmt":"2012-09-12T17:42:14","guid":{"rendered":"http:\/\/www.cdlpv.org\/dtl\/?p=2513"},"modified":"2012-09-12T19:42:14","modified_gmt":"2012-09-12T17:42:14","slug":"les-fronteres-mentals-dels-diputats-espanyols","status":"publish","type":"post","link":"https:\/\/www.cdlpv.org\/dtl\/2012\/09\/12\/les-fronteres-mentals-dels-diputats-espanyols\/","title":{"rendered":"Les fronteres mentals dels diputats espanyols"},"content":{"rendered":"<p>La iniciativa legislativa popular ha acabat com estava previst d&#8217;acord amb el sistema de \u00ab<a href=\"http:\/\/www.diccionari.cat\/lexicx.jsp?GECART=0175446\" target=\"_blank\">partitocr\u00e0cia<\/a> sense participaci\u00f3 ciutadana\u00bb que han organitzat els partits pol\u00edtics espanyols majoritaris. Segons el diari <em>El Punt<\/em> (12.09.2012):<\/p>\n<blockquote>\n<h2>No a <span class=\"versaleta\">tv3<\/span> al Pa\u00eds Valenci\u00e0<\/h2>\n<h3>El <span class=\"versaleta\">pp<\/span> i <span class=\"versaleta\">upd<\/span> voten en contra de la tramitaci\u00f3 de la iniciativa promoguda per <span class=\"versaleta\">acpv<\/span>, \u2018Televisi\u00f3 sense fronteres&#8217;, que permetia la legalitzaci\u00f3 de les emissions<\/h3>\n<\/blockquote>\n<p>El web d&#8217;Acci\u00f3 Cultural del Pa\u00eds Valenci\u00e0 <a href=\"http:\/\/acpv.cat\/web\/actualitat\/el-pp-veta-el-tramit-parlamentari-de-la-ilp-televisio-sense-fronteres\" target=\"_blank\">(11.09.2012)<\/a>, una de les entitats impulsores de la iniciativa, comenta i desmunta algunes de les excuses dels pol\u00edtics opositors. Per exemple, quant a l&#8217;excusa econ\u00f2mica:<\/p>\n<blockquote><p>\nRespecte a l\u2019excusa econ\u00f2mica, que l\u2019actual obligaci\u00f3 assumida pel Govern espanyol de reducci\u00f3 del d\u00e8ficit i de la despesa p\u00fablica implique que no hi haja disponibilitat econ\u00f2mica per al 2013 i fins i tot per al 2014 no significa que no es puga aprovar el tr\u00e0mit parlamentari de la <span class=\"versaleta\">ilp<\/span> i fins i tot convertir-la en llei, en el benent\u00e9s que la despesa necess\u00e0ria podria pressupostar-se per a m\u00e9s endavant; \u00e9s a dir, fonamentalment es tracta de voluntat pol\u00edtica. I respecte a l\u2019excusa t\u00e8cnica, que l\u2019espectre radioel\u00e8ctric siga un b\u00e9 esc\u00e0s \u00e9s un argument precisament a favor de pensar molt b\u00e9 a quina finalitat es dedica la seua disponibilitat i, per tant, novament, es tracta de voluntat pol\u00edtica, en aquest cas de garantir la igualtat de de totes les lleng\u00fces de l\u2019Estat en l\u2019\u00e0mbit \u00e0udiovisual.\n<\/p><\/blockquote>\n","protected":false},"excerpt":{"rendered":"<p>La iniciativa legislativa popular ha acabat com estava previst d&#8217;acord amb el sistema de \u00abpartitocr\u00e0cia sense participaci\u00f3 ciutadana\u00bb que han organitzat els partits pol\u00edtics espanyols majoritaris. Segons el diari El Punt (12.09.2012): No a tv3 al Pa\u00eds Valenci\u00e0 El pp i upd voten en contra de la tramitaci\u00f3 de la iniciativa promoguda per acpv, \u2018Televisi\u00f3 [&hellip;]<\/p>\n","protected":false},"author":2,"featured_media":0,"comment_status":"open","ping_status":"open","sticky":false,"template":"","format":"standard","meta":{"footnotes":""},"categories":[2,1,19,34],"tags":[95,150,153,465,487],"class_list":["post-2513","post","type-post","status-publish","format-standard","hentry","category-comunicacio","category-general","category-politica","category-tv3","tag-catalanofobia","tag-diputats","tag-discriminacions","tag-televisio","tag-tv3"],"_links":{"self":[{"href":"https:\/\/www.cdlpv.org\/dtl\/wp-json\/wp\/v2\/posts\/2513","targetHints":{"allow":["GET"]}}],"collection":[{"href":"https:\/\/www.cdlpv.org\/dtl\/wp-json\/wp\/v2\/posts"}],"about":[{"href":"https:\/\/www.cdlpv.org\/dtl\/wp-json\/wp\/v2\/types\/post"}],"author":[{"embeddable":true,"href":"https:\/\/www.cdlpv.org\/dtl\/wp-json\/wp\/v2\/users\/2"}],"replies":[{"embeddable":true,"href":"https:\/\/www.cdlpv.org\/dtl\/wp-json\/wp\/v2\/comments?post=2513"}],"version-history":[{"count":0,"href":"https:\/\/www.cdlpv.org\/dtl\/wp-json\/wp\/v2\/posts\/2513\/revisions"}],"wp:attachment":[{"href":"https:\/\/www.cdlpv.org\/dtl\/wp-json\/wp\/v2\/media?parent=2513"}],"wp:term":[{"taxonomy":"category","embeddable":true,"href":"https:\/\/www.cdlpv.org\/dtl\/wp-json\/wp\/v2\/categories?post=2513"},{"taxonomy":"post_tag","embeddable":true,"href":"https:\/\/www.cdlpv.org\/dtl\/wp-json\/wp\/v2\/tags?post=2513"}],"curies":[{"name":"wp","href":"https:\/\/api.w.org\/{rel}","templated":true}]}}