{"id":2509,"date":"2012-09-06T14:06:54","date_gmt":"2012-09-06T12:06:54","guid":{"rendered":"http:\/\/www.cdlpv.org\/dtl\/?p=2509"},"modified":"2012-09-06T14:06:54","modified_gmt":"2012-09-06T12:06:54","slug":"la-ilp-televisio-sense-fronteres-al-parlament-espanyol","status":"publish","type":"post","link":"https:\/\/www.cdlpv.org\/dtl\/2012\/09\/06\/la-ilp-televisio-sense-fronteres-al-parlament-espanyol\/","title":{"rendered":"La ILP Televisi\u00f3 sense Fronteres al parlament espanyol"},"content":{"rendered":"<p>Segons recull Europa Press (<a href=\"http:\/\/www.europapress.es\/valencia\/noticia-congres-debat-dia-11-iniciativa-popular-perque-cadenes-autonomiques-vegen-altres-ca-amb-igual-llengua-20120904161937.html\" target=\"_blank\">04.09.201<\/a>2):<\/p>\n<blockquote>\n<h2>El Congr\u00e9s debat el dia 11 la iniciativa popular perqu\u00e8 cadenes auton\u00f2miques es vegen en altres CA amb igual llengua<\/h2>\n<p>El Ple del Congr\u00e9s debatr\u00e0 i votar\u00e0 dimarts que ve, dia 11, la Iniciativa Legislativa Popular (ILP) &#8216;Televisi\u00f3 sense fronteres&#8217;, que pret\u00e9n que les cadenes auton\u00f2miques es puguen veure en aquelles comunitats on es compartisca la mateixa llengua.\n<\/p><\/blockquote>\n<p>Joan Tard\u00e0 recorda en el seu <a href=\"http:\/\/in.directe.cat\/joan-tarda\/blog\/8505\/la-ilp-televisio-sense-fronteres-dimarts-dia-11-al-congres#comentaris\" target=\"_blank\">bloc<\/a> qu\u00e8 va passar amb l&#8217;espai televisiu valenci\u00e0 i amb esta iniciativa durant la legislatura passada. I conclou:<\/p>\n<blockquote>[&#8230;] com que les ILP no decauen en acabar-se la legislatura, dimarts vinent arriba al plenari. Desconeixem a hores d\u2019ara quina ser\u00e0 la posici\u00f3 del PP. El PSOE, ara, hi votar\u00e0 a favor. Ara, s\u00ed!<\/p><\/blockquote>\n","protected":false},"excerpt":{"rendered":"<p>Segons recull Europa Press (04.09.2012): El Congr\u00e9s debat el dia 11 la iniciativa popular perqu\u00e8 cadenes auton\u00f2miques es vegen en altres CA amb igual llengua El Ple del Congr\u00e9s debatr\u00e0 i votar\u00e0 dimarts que ve, dia 11, la Iniciativa Legislativa Popular (ILP) &#8216;Televisi\u00f3 sense fronteres&#8217;, que pret\u00e9n que les cadenes auton\u00f2miques es puguen veure en [&hellip;]<\/p>\n","protected":false},"author":2,"featured_media":0,"comment_status":"open","ping_status":"open","sticky":false,"template":"","format":"standard","meta":{"footnotes":""},"categories":[2,4,1,19,34],"tags":[465],"class_list":["post-2509","post","type-post","status-publish","format-standard","hentry","category-comunicacio","category-dret","category-general","category-politica","category-tv3","tag-televisio"],"_links":{"self":[{"href":"https:\/\/www.cdlpv.org\/dtl\/wp-json\/wp\/v2\/posts\/2509","targetHints":{"allow":["GET"]}}],"collection":[{"href":"https:\/\/www.cdlpv.org\/dtl\/wp-json\/wp\/v2\/posts"}],"about":[{"href":"https:\/\/www.cdlpv.org\/dtl\/wp-json\/wp\/v2\/types\/post"}],"author":[{"embeddable":true,"href":"https:\/\/www.cdlpv.org\/dtl\/wp-json\/wp\/v2\/users\/2"}],"replies":[{"embeddable":true,"href":"https:\/\/www.cdlpv.org\/dtl\/wp-json\/wp\/v2\/comments?post=2509"}],"version-history":[{"count":0,"href":"https:\/\/www.cdlpv.org\/dtl\/wp-json\/wp\/v2\/posts\/2509\/revisions"}],"wp:attachment":[{"href":"https:\/\/www.cdlpv.org\/dtl\/wp-json\/wp\/v2\/media?parent=2509"}],"wp:term":[{"taxonomy":"category","embeddable":true,"href":"https:\/\/www.cdlpv.org\/dtl\/wp-json\/wp\/v2\/categories?post=2509"},{"taxonomy":"post_tag","embeddable":true,"href":"https:\/\/www.cdlpv.org\/dtl\/wp-json\/wp\/v2\/tags?post=2509"}],"curies":[{"name":"wp","href":"https:\/\/api.w.org\/{rel}","templated":true}]}}