{"id":2507,"date":"2012-09-05T19:40:48","date_gmt":"2012-09-05T17:40:48","guid":{"rendered":"http:\/\/www.cdlpv.org\/dtl\/?p=2507"},"modified":"2012-09-05T19:40:48","modified_gmt":"2012-09-05T17:40:48","slug":"suport-a-la-bressola-en-granollers","status":"publish","type":"post","link":"https:\/\/www.cdlpv.org\/dtl\/2012\/09\/05\/suport-a-la-bressola-en-granollers\/","title":{"rendered":"Suport a La Bressola en Granollers"},"content":{"rendered":"<blockquote>\n<h2>Acte de suport a La Bressola<\/h2>\n<p>Divendres dia 7 de setembre, a la Sala Sant Francesc (carrer Esp\u00ed i Grau, 1) de Granollers, es far\u00e0 un acte de suport a La Bressola. Aquest acte ha estat impulsat per les JERC Vall\u00e8s i Esquerra Republicana de Catalunya i amb la co&#320;laboraci\u00f3 d&#8217;\u00d2mnium.<\/p>\n<p>L\u2019acte comen\u00e7ar\u00e0 a les 19h00 amb un concert de M\u00fasica Cl\u00e0ssica al carrer a c\u00e0rrec de joves alumnes del Conservatori Municipal Josep M.\u00aa Ruera, i continuar\u00e0 a les 20h00 amb una xerrada co&#320;loqui a c\u00e0rrec de:<br \/>\n&#8211; Joan Pere Le Bihan, president de La Bressola,<br \/>\n&#8211; Francesc Franquesa, director pedag\u00f2gic de La Bressola,<br \/>\n&#8211; Aleix Andreu, president de l&#8217;Associaci\u00f3 d&#8217;Amics de La Bressola.<\/p>\n<p>Us hi esperem!<\/p>\n<p><a href=\"http:\/\/www.amicsbressola.cat\/\" target=\"_blank\">Associaci\u00f3 d&#8217;Amics de la Bressola<\/a>\n<\/p><\/blockquote>\n","protected":false},"excerpt":{"rendered":"<p>Acte de suport a La Bressola Divendres dia 7 de setembre, a la Sala Sant Francesc (carrer Esp\u00ed i Grau, 1) de Granollers, es far\u00e0 un acte de suport a La Bressola. Aquest acte ha estat impulsat per les JERC Vall\u00e8s i Esquerra Republicana de Catalunya i amb la co&#320;laboraci\u00f3 d&#8217;\u00d2mnium. L\u2019acte comen\u00e7ar\u00e0 a les [&hellip;]<\/p>\n","protected":false},"author":2,"featured_media":0,"comment_status":"open","ping_status":"open","sticky":false,"template":"","format":"standard","meta":{"footnotes":""},"categories":[2,10,1,19],"tags":[80],"class_list":["post-2507","post","type-post","status-publish","format-standard","hentry","category-comunicacio","category-formacio","category-general","category-politica","tag-bressola"],"_links":{"self":[{"href":"https:\/\/www.cdlpv.org\/dtl\/wp-json\/wp\/v2\/posts\/2507","targetHints":{"allow":["GET"]}}],"collection":[{"href":"https:\/\/www.cdlpv.org\/dtl\/wp-json\/wp\/v2\/posts"}],"about":[{"href":"https:\/\/www.cdlpv.org\/dtl\/wp-json\/wp\/v2\/types\/post"}],"author":[{"embeddable":true,"href":"https:\/\/www.cdlpv.org\/dtl\/wp-json\/wp\/v2\/users\/2"}],"replies":[{"embeddable":true,"href":"https:\/\/www.cdlpv.org\/dtl\/wp-json\/wp\/v2\/comments?post=2507"}],"version-history":[{"count":0,"href":"https:\/\/www.cdlpv.org\/dtl\/wp-json\/wp\/v2\/posts\/2507\/revisions"}],"wp:attachment":[{"href":"https:\/\/www.cdlpv.org\/dtl\/wp-json\/wp\/v2\/media?parent=2507"}],"wp:term":[{"taxonomy":"category","embeddable":true,"href":"https:\/\/www.cdlpv.org\/dtl\/wp-json\/wp\/v2\/categories?post=2507"},{"taxonomy":"post_tag","embeddable":true,"href":"https:\/\/www.cdlpv.org\/dtl\/wp-json\/wp\/v2\/tags?post=2507"}],"curies":[{"name":"wp","href":"https:\/\/api.w.org\/{rel}","templated":true}]}}