{"id":2504,"date":"2012-09-04T14:06:14","date_gmt":"2012-09-04T12:06:14","guid":{"rendered":"http:\/\/www.cdlpv.org\/dtl\/?p=2504"},"modified":"2012-09-04T14:06:14","modified_gmt":"2012-09-04T12:06:14","slug":"iii-festa-estelles","status":"publish","type":"post","link":"https:\/\/www.cdlpv.org\/dtl\/2012\/09\/04\/iii-festa-estelles\/","title":{"rendered":"III Festa Estell\u00e9s"},"content":{"rendered":"<p>L&#8217;escriptor i company Josep Lozano Lerma ens recorda que la iniciativa cultural i pol\u00edtica de la Festa Vicent Andr\u00e9s Estell\u00e9s t\u00e9 un llarg recorregut per davant:<\/p>\n<blockquote><p>\n2012. Lletra de Convit a Celebrar la III Festa Estell\u00e9s<\/p>\n<p>Alginet, 15 de juliol de 2012<\/p>\n<p>Estimats amigues i amics:<\/p>\n<p>L\u2019any passat, el 2011, al llarg dels mesos de setembre i octubre, es va celebrar la II Festa Vicent Andr\u00e9s Estell\u00e9s als poble i ciutats seg\u00fcents \u2014espere no deixar-me\u2019n cap\u2014:<\/p>\n<p>Alaqu\u00e0s, Albal, Alboraia, Albuixech, Alc\u00e0ssser, l\u2019Alc\u00fadia, Alfarb, Algemes\u00ed, Alginet, Alpens, Altea, Barcelona, Barcelona, Benicarl\u00f3, Benimodo, Benimaclet, B\u00e9tera, Borriana, Burjassot, Campred\u00f3, Canals, Carcaixent, Castell\u00f3 de la Ribera, Catarroja, Corbera, D\u00e9nia, Elx, Foios, Gandia, Guardamar del Segura, la Mata, Manuel, Masquefa, Massalfassar, Mislata, Munic, Ontinyent, Otos, Paiporta, Pedreguer, Picanya, Quart de Poblet, Real, Riola, Sant Joan d\u2019Alacant, Senija, Silla, Sollana, Suera, Tavernes Blanques, Tavernes de la Valldigna, Torrent, Tivenys, Turballos, Val\u00e8ncia, Vila-real, X\u00e0bia, Xal\u00f3, X\u00e0tiva i Xirivella.<\/p>\n<p>La celebraci\u00f3 va n\u00e0ixer fa dos anys amb l\u2019objectiu de cohesionar-nos honorant un dels nostres m\u00e0xims poetes, Vicent Andr\u00e9s Estell\u00e9s, en un acte festiu i vindicatiu de la nostra cultura, que tan necessitada est\u00e0 de pautes culturals i de celebracions identit\u00e0ries.<\/p>\n<p>Enguany la situaci\u00f3 pol\u00edtica i econ\u00f2mica general no \u00e9s massa encoratjadora, per\u00f2 crec que, tot i aix\u00f2, si \u00e9s possible, i com un repte a les circumst\u00e0ncies adverses i com a prova de la nostra voluntat de ser \u2014ara i tamb\u00e9 en el futur\u2014 caldria que celebr\u00e0rem la III Festa Estell\u00e9s, perqu\u00e8 en all\u00f2 que solem fallar valencians, balears, catalans o, simplement, gent que ens estimem la cultura, \u00e9s en la perseveran\u00e7a i defensa de les nostres conviccions i actes d\u2019afirmaci\u00f3.<\/p>\n<p>Per tant, com diuen a Benicarl\u00f3, \u00abno res i avant\u00bb. I si podeu fer-la, feu-la, i escriviu-me diguent-m\u2019ho a l\u2019adre\u00e7a electr\u00f2nica seg\u00fcent:<\/p>\n<p><a href=\"mailto:jlozanolerma@gmail.com\" target=\"_blank\">jlozanolerma@gmail.com<\/a><\/p>\n<p>Molt cordialment,<\/p>\n<p>Josep Lozano<\/p>\n<\/blockquote>\n","protected":false},"excerpt":{"rendered":"<p>L&#8217;escriptor i company Josep Lozano Lerma ens recorda que la iniciativa cultural i pol\u00edtica de la Festa Vicent Andr\u00e9s Estell\u00e9s t\u00e9 un llarg recorregut per davant: 2012. Lletra de Convit a Celebrar la III Festa Estell\u00e9s Alginet, 15 de juliol de 2012 Estimats amigues i amics: L\u2019any passat, el 2011, al llarg dels mesos de [&hellip;]<\/p>\n","protected":false},"author":2,"featured_media":0,"comment_status":"open","ping_status":"open","sticky":false,"template":"","format":"standard","meta":{"footnotes":""},"categories":[2,1,27],"tags":[279],"class_list":["post-2504","post","type-post","status-publish","format-standard","hentry","category-comunicacio","category-general","category-sociolinguistica","tag-literatura"],"_links":{"self":[{"href":"https:\/\/www.cdlpv.org\/dtl\/wp-json\/wp\/v2\/posts\/2504","targetHints":{"allow":["GET"]}}],"collection":[{"href":"https:\/\/www.cdlpv.org\/dtl\/wp-json\/wp\/v2\/posts"}],"about":[{"href":"https:\/\/www.cdlpv.org\/dtl\/wp-json\/wp\/v2\/types\/post"}],"author":[{"embeddable":true,"href":"https:\/\/www.cdlpv.org\/dtl\/wp-json\/wp\/v2\/users\/2"}],"replies":[{"embeddable":true,"href":"https:\/\/www.cdlpv.org\/dtl\/wp-json\/wp\/v2\/comments?post=2504"}],"version-history":[{"count":0,"href":"https:\/\/www.cdlpv.org\/dtl\/wp-json\/wp\/v2\/posts\/2504\/revisions"}],"wp:attachment":[{"href":"https:\/\/www.cdlpv.org\/dtl\/wp-json\/wp\/v2\/media?parent=2504"}],"wp:term":[{"taxonomy":"category","embeddable":true,"href":"https:\/\/www.cdlpv.org\/dtl\/wp-json\/wp\/v2\/categories?post=2504"},{"taxonomy":"post_tag","embeddable":true,"href":"https:\/\/www.cdlpv.org\/dtl\/wp-json\/wp\/v2\/tags?post=2504"}],"curies":[{"name":"wp","href":"https:\/\/api.w.org\/{rel}","templated":true}]}}