{"id":250,"date":"2007-12-05T22:39:33","date_gmt":"2007-12-05T21:39:33","guid":{"rendered":"http:\/\/www.cdlpv.org\/dtl\/?p=250"},"modified":"2007-12-05T22:39:33","modified_gmt":"2007-12-05T21:39:33","slug":"la-rtve-tindra-mes-llengues","status":"publish","type":"post","link":"https:\/\/www.cdlpv.org\/dtl\/2007\/12\/05\/la-rtve-tindra-mes-llengues\/","title":{"rendered":"La RTVE tindr\u00e0 m\u00e9s lleng\u00fces"},"content":{"rendered":"<p>Una d&#8217;eixes not\u00edcies que no saps massa com agafar, si acabar\u00e0 b\u00e9 o si acabar\u00e0 en una picada de fesols. Que el centre de Val\u00e8ncia siga un centre de producci\u00f3, deu ser una millora; ara, de producci\u00f3 de qu\u00e8&#8230; Esperem que siga una millora respecte del que produ\u00efen quan Lerma o ara, quan Camps, en Canal 9. Els antecedents no prometen gens, per\u00f2 haurem d&#8217;esperar a vore qu\u00e8 fan, m\u00e9s enll\u00e0 del que diuen que faran.<\/p>\n<p>La not\u00edcia apareix en el diari <em>El Pa\u00eds<\/em>:<\/p>\n<blockquote><p>\nRTVE usar\u00e0 les lleng\u00fces cooficials en l&#8217;emissi\u00f3 digital<\/p>\n<p>Ag\u00e8ncies &#8211; Madrid &#8211; 05.12.2007<\/p>\n<p>La Comissi\u00f3 Mixta de control parlamentari de RTVE va aprovar ahir, amb els vots del Grup Socialista, Esquerra Unida, Entesa i CiU el contingut del mandat marc de la corporaci\u00f3, que regir\u00e0 els principis generals de la seva activitat durant els pr\u00f2xims nou anys, i que inclou compromisos de producci\u00f3 pr\u00f2pia de continguts, la difusi\u00f3 en lleng\u00fces cooficials amb la nova tecnologia digital, i la consideraci\u00f3 del centre territorial de Val\u00e8ncia com a centre de producci\u00f3.<\/p>\n<p>El text va ser aprovat amb l&#8217;oposici\u00f3 del PP, ERC i el PNB, i l&#8217;abstenci\u00f3 del BNG, pel que previsiblement ser\u00e0 aprovat en el Ple del Congr\u00e9s dels Diputats del pr\u00f2xim 11 de desembre. Este document t\u00e9 entitat jur\u00eddica pr\u00f2pia, i suposa el pas previ perqu\u00e8 els pressuposts del 2009 siguen aprovats com la llei establix, a trav\u00e9s d&#8217;un contracte entre el govern i la corporaci\u00f3.<\/p>\n<p>El mandat marc incorpora suggeriments de diferents grups entre els quals destaca la difusi\u00f3 de lleng\u00fces cooficials en funci\u00f3 de \u00ables realitats ling\u00fc\u00edstiques de cada comunitat aut\u00f2noma\u00bb quan la nova tecnologia de difusi\u00f3, la digital, ho permeti, ja que en l&#8217;actualitat esta emissi\u00f3 nom\u00e9s pot fer-se a Madrid i Barcelona, segons una esmena pactada pel PSOE i Entesa i recolzada per altres grups. Esquerra Unida i ERC van intentar sense \u00e8xit reduir al m\u00e0xim les informacions sobre la fam\u00edlia reial en RTVE.\n<\/p><\/blockquote>\n","protected":false},"excerpt":{"rendered":"<p>Una d&#8217;eixes not\u00edcies que no saps massa com agafar, si acabar\u00e0 b\u00e9 o si acabar\u00e0 en una picada de fesols. Que el centre de Val\u00e8ncia siga un centre de producci\u00f3, deu ser una millora; ara, de producci\u00f3 de qu\u00e8&#8230; Esperem que siga una millora respecte del que produ\u00efen quan Lerma o ara, quan Camps, en [&hellip;]<\/p>\n","protected":false},"author":2,"featured_media":0,"comment_status":"open","ping_status":"open","sticky":false,"template":"","format":"standard","meta":{"footnotes":""},"categories":[2,1,47,19,24,26],"tags":[423,465],"class_list":["post-250","post","type-post","status-publish","format-standard","hentry","category-comunicacio","category-general","category-planificacio","category-politica","category-requisit-linguistic","category-serveis-linguistics","tag-rtve-llengues-cooficials","tag-televisio"],"_links":{"self":[{"href":"https:\/\/www.cdlpv.org\/dtl\/wp-json\/wp\/v2\/posts\/250","targetHints":{"allow":["GET"]}}],"collection":[{"href":"https:\/\/www.cdlpv.org\/dtl\/wp-json\/wp\/v2\/posts"}],"about":[{"href":"https:\/\/www.cdlpv.org\/dtl\/wp-json\/wp\/v2\/types\/post"}],"author":[{"embeddable":true,"href":"https:\/\/www.cdlpv.org\/dtl\/wp-json\/wp\/v2\/users\/2"}],"replies":[{"embeddable":true,"href":"https:\/\/www.cdlpv.org\/dtl\/wp-json\/wp\/v2\/comments?post=250"}],"version-history":[{"count":0,"href":"https:\/\/www.cdlpv.org\/dtl\/wp-json\/wp\/v2\/posts\/250\/revisions"}],"wp:attachment":[{"href":"https:\/\/www.cdlpv.org\/dtl\/wp-json\/wp\/v2\/media?parent=250"}],"wp:term":[{"taxonomy":"category","embeddable":true,"href":"https:\/\/www.cdlpv.org\/dtl\/wp-json\/wp\/v2\/categories?post=250"},{"taxonomy":"post_tag","embeddable":true,"href":"https:\/\/www.cdlpv.org\/dtl\/wp-json\/wp\/v2\/tags?post=250"}],"curies":[{"name":"wp","href":"https:\/\/api.w.org\/{rel}","templated":true}]}}