{"id":25,"date":"2006-12-07T17:23:32","date_gmt":"2006-12-07T15:23:32","guid":{"rendered":"http:\/\/www.cdlpv.org\/dtl\/?p=25"},"modified":"2006-12-07T17:23:32","modified_gmt":"2006-12-07T15:23:32","slug":"un-debat-sobre-les-llengues-a-les-corts-valencianes","status":"publish","type":"post","link":"https:\/\/www.cdlpv.org\/dtl\/2006\/12\/07\/un-debat-sobre-les-llengues-a-les-corts-valencianes\/","title":{"rendered":"Un debat sobre les lleng\u00fces a les Corts valencianes"},"content":{"rendered":"<p>Supose que vos heu assabentat que no fa massa, amb uns anys de retard, va tindre lloc un debat a les Corts valencianes arran d&#8217;una \u00abproposici\u00f3 no de llei sobre la repulsa de les intencions de la directora de la Biblioteca Nacional de catalogaci\u00f3 conjunta dels llibres en valenci\u00e0 amb els d&#8217;una altra llengua aut\u00f2ctona, presentada pel Grup Parlamentari Popular\u00bb.<\/p>\n<p>Com que la cosa t\u00e9 la seua gr\u00e0cia, i perqu\u00e8 s\u00e9 que els diaris de sessions de les Corts no s\u00f3n precisament una de les lectures favorites de la ciutadania, vos n&#8217;enllace un (<a href=\"http:\/\/www.geocities.com\/golls.geo\/DSple\/DSP167.htm#biblioteca\">DS 167<\/a>) que hem penjat en el <em>web<\/em> de la CDLPV, at\u00e9s el seu inter\u00e9s pel que delata de la manipulaci\u00f3 que fan alguns pol\u00edtics amb les lleng\u00fces al Pa\u00eds Valenci\u00e0.<\/p>\n<p>Com a mostra de la demag\u00f2gia i la hipocresia, podeu comprovar, per exemple, que si entreu en qualsevol de les adreces que vos enganxe tot seguit, arribareu a la p\u00e0gina de les Corts en espanyol, sense opci\u00f3 de poder-ho fer a la versi\u00f3 en valenci\u00e0:<\/p>\n<p><a href=\"http:\/\/www.cortsvalencianes.es\/ConsultaCalParla?id_nodo=4023&amp;tipo_consulta=1&amp;&amp;keyword=&amp;auditoria=F\">Qu\u00e9 hacen<\/a><br \/>\n<a href=\"http:\/\/www.cortsvalencianes.es\/contenido.jsp?id_nodo=4010&amp;&amp;&amp;keyword=&amp;auditoria=F\">Qu\u00e9 son<\/a><br \/>\n<a href=\"http:\/\/www.cortsvalencianes.es\/ppal_reservas.jsp?id_nodo=4067&amp;&amp;&amp;keyword=&amp;auditoria=F\">Conoce las Cortes<\/a><br \/>\n<a href=\"http:\/\/www.cortsvalencianes.es\/Noticias?id_nodo=4050&amp;accion=0&amp;&amp;keyword=&amp;auditoria=F\">Las Cortes informan<\/a><\/p>\n<p>Etc\u00e8tera i fins a l&#8217;infinit.<\/p>\n<p>El problema rau, primer, en el fet que no han posat opci\u00f3 per al canvi de llengua des de les p\u00e0gines; i, segon, que per a accedir a la versi\u00f3 en valenci\u00e0 cal passar per la p\u00e0gina inicial del <em>web<\/em>. En canvi, si entrem directament a alguna p\u00e0gina memoritzada en les adreces del navegador, la versi\u00f3 que ens apareixer\u00e0 \u00e9s la castellana, perqu\u00e8 no han incorporat la predeterminaci\u00f3 idiom\u00e0tica que incorporen els navegadors. Qui no ho ha incorporat? Alg\u00fa que en sap, perqu\u00e8 jo, com a treballador de les Corts, els ho he dit, per\u00f2, com \u00e9s evident, no m&#8217;han at\u00e9s adequadament.<\/p>\n<p>Aix\u00f2, segurament, \u00e9s una mostra de l&#8217;activitat ling\u00fc\u00edstica del PP que potser el diputat P\u00e9rez Fenoll (diputat del PP) preferix descon\u00e9ixer?<\/p>\n","protected":false},"excerpt":{"rendered":"<p>Supose que vos heu assabentat que no fa massa, amb uns anys de retard, va tindre lloc un debat a les Corts valencianes arran d&#8217;una \u00abproposici\u00f3 no de llei sobre la repulsa de les intencions de la directora de la Biblioteca Nacional de catalogaci\u00f3 conjunta dels llibres en valenci\u00e0 amb els d&#8217;una altra llengua aut\u00f2ctona, [&hellip;]<\/p>\n","protected":false},"author":2,"featured_media":0,"comment_status":"open","ping_status":"open","sticky":false,"template":"","format":"standard","meta":{"footnotes":""},"categories":[4,1,47,19,24],"tags":[],"class_list":["post-25","post","type-post","status-publish","format-standard","hentry","category-dret","category-general","category-planificacio","category-politica","category-requisit-linguistic"],"_links":{"self":[{"href":"https:\/\/www.cdlpv.org\/dtl\/wp-json\/wp\/v2\/posts\/25","targetHints":{"allow":["GET"]}}],"collection":[{"href":"https:\/\/www.cdlpv.org\/dtl\/wp-json\/wp\/v2\/posts"}],"about":[{"href":"https:\/\/www.cdlpv.org\/dtl\/wp-json\/wp\/v2\/types\/post"}],"author":[{"embeddable":true,"href":"https:\/\/www.cdlpv.org\/dtl\/wp-json\/wp\/v2\/users\/2"}],"replies":[{"embeddable":true,"href":"https:\/\/www.cdlpv.org\/dtl\/wp-json\/wp\/v2\/comments?post=25"}],"version-history":[{"count":0,"href":"https:\/\/www.cdlpv.org\/dtl\/wp-json\/wp\/v2\/posts\/25\/revisions"}],"wp:attachment":[{"href":"https:\/\/www.cdlpv.org\/dtl\/wp-json\/wp\/v2\/media?parent=25"}],"wp:term":[{"taxonomy":"category","embeddable":true,"href":"https:\/\/www.cdlpv.org\/dtl\/wp-json\/wp\/v2\/categories?post=25"},{"taxonomy":"post_tag","embeddable":true,"href":"https:\/\/www.cdlpv.org\/dtl\/wp-json\/wp\/v2\/tags?post=25"}],"curies":[{"name":"wp","href":"https:\/\/api.w.org\/{rel}","templated":true}]}}