{"id":2490,"date":"2012-07-20T17:30:49","date_gmt":"2012-07-20T15:30:49","guid":{"rendered":"http:\/\/www.cdlpv.org\/dtl\/?p=2490"},"modified":"2012-07-20T17:30:49","modified_gmt":"2012-07-20T15:30:49","slug":"senadors-pel-catala","status":"publish","type":"post","link":"https:\/\/www.cdlpv.org\/dtl\/2012\/07\/20\/senadors-pel-catala\/","title":{"rendered":"Senadors pel catal\u00e0"},"content":{"rendered":"<p>Uns quants senadors de Catalunya, Illes Balears, Arag\u00f3 i Pa\u00eds Valenci\u00e0 han firmat un manifest en defensa de l&#8217;\u00fas del catal\u00e0. Podem llegir la not\u00edcia en el diari <em>Avui<\/em> <a href=\"http:\/\/www.elpuntavui.cat\/noticia\/article\/3-politica\/17-politica\/561146-el-psoe-se-suma-a-la-defensa-del-catala-ara-que-no-mana.html\" target=\"_blank\">(19.07.2012)<\/a>:<\/p>\n<blockquote>\n<h2>El PSOE se suma a la defensa del catal\u00e0 ara que no mana<\/h2>\n<h3>Dirigents catalans, valencians, aragonesos i balears critiquen el setge del <span class=\"versaleta\">pp<\/span><br \/>\n<br \/>Proposen una llei de lleng\u00fces<\/h3>\n<\/blockquote>\n<p>Segons la not\u00edcia en el diari <em>El Pa\u00eds<\/em> <a href=\"http:\/\/ccaa.elpais.com\/ccaa\/2012\/07\/18\/catalunya\/1342605645_418118.html\" target=\"_blank\">(19.07.2012)<\/a>:<\/p>\n<blockquote><p>\nEls firmants consideren que les iniciatives legislatives dels governs balear i aragon\u00e9s contradiuen la <a href=\"http:\/\/www.uji.es\/serveis\/slt\/triam\/triam12.html\" target=\"_blank\">Declaraci\u00f3 universal dels drets ling\u00fc\u00edstics<\/a> que va aprovar per unanimitat el Congr\u00e9s dels Diputats espanyol, aix\u00ed com els respectius estatuts d&#8217;autonomia.\n<\/p><\/blockquote>\n","protected":false},"excerpt":{"rendered":"<p>Uns quants senadors de Catalunya, Illes Balears, Arag\u00f3 i Pa\u00eds Valenci\u00e0 han firmat un manifest en defensa de l&#8217;\u00fas del catal\u00e0. Podem llegir la not\u00edcia en el diari Avui (19.07.2012): El PSOE se suma a la defensa del catal\u00e0 ara que no mana Dirigents catalans, valencians, aragonesos i balears critiquen el setge del pp Proposen [&hellip;]<\/p>\n","protected":false},"author":2,"featured_media":0,"comment_status":"open","ping_status":"open","sticky":false,"template":"","format":"standard","meta":{"footnotes":""},"categories":[36,4,1,19,23],"tags":[161,434],"class_list":["post-2490","post","type-post","status-publish","format-standard","hentry","category-allofobia","category-dret","category-general","category-politica","category-reglaments-linguistics","tag-dudl","tag-senat"],"_links":{"self":[{"href":"https:\/\/www.cdlpv.org\/dtl\/wp-json\/wp\/v2\/posts\/2490","targetHints":{"allow":["GET"]}}],"collection":[{"href":"https:\/\/www.cdlpv.org\/dtl\/wp-json\/wp\/v2\/posts"}],"about":[{"href":"https:\/\/www.cdlpv.org\/dtl\/wp-json\/wp\/v2\/types\/post"}],"author":[{"embeddable":true,"href":"https:\/\/www.cdlpv.org\/dtl\/wp-json\/wp\/v2\/users\/2"}],"replies":[{"embeddable":true,"href":"https:\/\/www.cdlpv.org\/dtl\/wp-json\/wp\/v2\/comments?post=2490"}],"version-history":[{"count":0,"href":"https:\/\/www.cdlpv.org\/dtl\/wp-json\/wp\/v2\/posts\/2490\/revisions"}],"wp:attachment":[{"href":"https:\/\/www.cdlpv.org\/dtl\/wp-json\/wp\/v2\/media?parent=2490"}],"wp:term":[{"taxonomy":"category","embeddable":true,"href":"https:\/\/www.cdlpv.org\/dtl\/wp-json\/wp\/v2\/categories?post=2490"},{"taxonomy":"post_tag","embeddable":true,"href":"https:\/\/www.cdlpv.org\/dtl\/wp-json\/wp\/v2\/tags?post=2490"}],"curies":[{"name":"wp","href":"https:\/\/api.w.org\/{rel}","templated":true}]}}