{"id":2479,"date":"2012-07-16T20:30:03","date_gmt":"2012-07-16T18:30:03","guid":{"rendered":"http:\/\/www.cdlpv.org\/dtl\/?p=2479"},"modified":"2012-07-16T20:30:03","modified_gmt":"2012-07-16T18:30:03","slug":"que-rode-la-bola","status":"publish","type":"post","link":"https:\/\/www.cdlpv.org\/dtl\/2012\/07\/16\/que-rode-la-bola\/","title":{"rendered":"\u00a1Que rode la bola!"},"content":{"rendered":"<p>L&#8217;Acad\u00e8mia valenciana de la Llengua ha comunicat en una <a href=\"http:\/\/www.avl.gva.es\/va\/gabinet-de-comunicacio\/notes-de-premsa\/L-AVL-aprova-un-conveni-amb-l-Institut-Llull-per-a-impartir-lectorats-en-universitats-europees-dedicats-a-la-llengua-i-cultura-valencianes\" target=\"_blank\">nota de premsa<\/a> que prolongar\u00e0 els lectorats valencians al Regne Unit, It\u00e0lia i Fran\u00e7a amb la co&#320;laboraci\u00f3 de l&#8217;Institut Ramon Llull:<\/p>\n<blockquote>\n<h2>L&#8217;AVL aprova un conveni amb l&#8217;Institut Llull per a impartir lectorats en universitats europees dedicats a la llengua i cultura valencianes<\/h2>\n<\/blockquote>\n<p>A m\u00e9s, la nota de premsa tamb\u00e9 fa un altre anunci:<\/p>\n<blockquote><p>\nEls membres de l\u2019Acad\u00e8mia tamb\u00e9 han aprovat un nou conveni marc entre la Conselleria de Cultura, els ajuntaments, les diputacions i les mancomunitats per a coordinar les actuacions en mat\u00e8ria de normalitzaci\u00f3 del valenci\u00e0.\n<\/p><\/blockquote>\n<p>Encara no sabem res del resultat de l&#8217;activitat institucional de promoci\u00f3 del valenci\u00e0 (com ara d&#8217;aquell <a href=\"http:\/\/www.cdlpv.org\/dtl\/?p=1646\" target=\"_blank\">protocol del 2010<\/a>), no en trobareu cap rastre en el seu <a href=\"http:\/\/www.avl.gva.es\/va\/inici.html\" target=\"_blank\">web<\/a>, i ja han tornar a firmat un altre paperet per a continuar fent rodar la bola de la not\u00edcia. \u00a1Al\u00e7a els peus!<\/p>\n","protected":false},"excerpt":{"rendered":"<p>L&#8217;Acad\u00e8mia valenciana de la Llengua ha comunicat en una nota de premsa que prolongar\u00e0 els lectorats valencians al Regne Unit, It\u00e0lia i Fran\u00e7a amb la co&#320;laboraci\u00f3 de l&#8217;Institut Ramon Llull: L&#8217;AVL aprova un conveni amb l&#8217;Institut Llull per a impartir lectorats en universitats europees dedicats a la llengua i cultura valencianes A m\u00e9s, la nota [&hellip;]<\/p>\n","protected":false},"author":2,"featured_media":0,"comment_status":"open","ping_status":"open","sticky":false,"template":"","format":"standard","meta":{"footnotes":""},"categories":[38,2,1,47],"tags":[247,500],"class_list":["post-2479","post","type-post","status-publish","format-standard","hentry","category-avl","category-comunicacio","category-general","category-planificacio","tag-institut-ramon-llull","tag-universitats"],"_links":{"self":[{"href":"https:\/\/www.cdlpv.org\/dtl\/wp-json\/wp\/v2\/posts\/2479","targetHints":{"allow":["GET"]}}],"collection":[{"href":"https:\/\/www.cdlpv.org\/dtl\/wp-json\/wp\/v2\/posts"}],"about":[{"href":"https:\/\/www.cdlpv.org\/dtl\/wp-json\/wp\/v2\/types\/post"}],"author":[{"embeddable":true,"href":"https:\/\/www.cdlpv.org\/dtl\/wp-json\/wp\/v2\/users\/2"}],"replies":[{"embeddable":true,"href":"https:\/\/www.cdlpv.org\/dtl\/wp-json\/wp\/v2\/comments?post=2479"}],"version-history":[{"count":0,"href":"https:\/\/www.cdlpv.org\/dtl\/wp-json\/wp\/v2\/posts\/2479\/revisions"}],"wp:attachment":[{"href":"https:\/\/www.cdlpv.org\/dtl\/wp-json\/wp\/v2\/media?parent=2479"}],"wp:term":[{"taxonomy":"category","embeddable":true,"href":"https:\/\/www.cdlpv.org\/dtl\/wp-json\/wp\/v2\/categories?post=2479"},{"taxonomy":"post_tag","embeddable":true,"href":"https:\/\/www.cdlpv.org\/dtl\/wp-json\/wp\/v2\/tags?post=2479"}],"curies":[{"name":"wp","href":"https:\/\/api.w.org\/{rel}","templated":true}]}}