{"id":2475,"date":"2012-07-11T20:10:53","date_gmt":"2012-07-11T18:10:53","guid":{"rendered":"http:\/\/www.cdlpv.org\/dtl\/?p=2475"},"modified":"2012-07-11T20:10:53","modified_gmt":"2012-07-11T18:10:53","slug":"leuscar-i-colombia","status":"publish","type":"post","link":"https:\/\/www.cdlpv.org\/dtl\/2012\/07\/11\/leuscar-i-colombia\/","title":{"rendered":"L&#8217;\u00e8uscar i Col\u00f2mbia"},"content":{"rendered":"<p>El Govern Basc coopera amb el Govern de Col\u00f2mbia en pol\u00edtica ling\u00fc\u00edstica (<a href=\"www.euskara.euskadi.net\/berripapera\" target=\"_blank\"><em>Euskararen Berripapera<\/em><\/a><em>,<\/em> 221, ):<\/p>\n<blockquote>\n<h2>L&#8217;\u00e8uscar i les lleng\u00fces ind\u00edgenes de Col\u00f2mbia<\/h2>\n<p>Al m\u00f3n es parlen m\u00e9s de sis mil idiomes, la majoria a \u00c0sia. Els pa\u00efsos de Sud-am\u00e8rica s\u00f3n molt rics des del punt de vista ling\u00fc\u00edstic, per exemple Col\u00f2mbia, on a banda del castell\u00e0 es parlen 68 idiomes m\u00e9s: 65 s\u00f3n ind\u00edgenes, dos s\u00f3n criolls i el roman\u00ed.<\/p>\n<p>El Govern de Col\u00f2mbia reconeix legalment i protegeix la diversitat ling\u00fc\u00edstica del seu pa\u00eds. Per aix\u00f2, el Govern Basc, coneixedor que la llarga experi\u00e8ncia adquirida ac\u00ed amb l&#8217;\u00e8uscar pot resultar de molta utilitat en altres pa\u00efsos, ha decidit prorrogar l&#8217;acord de cooperaci\u00f3 vigent en esta mat\u00e8ria amb el Ministeri de Cultura del pa\u00eds and\u00ed. Aix\u00ed mateix, el Ministeri d&#8217;Educaci\u00f3 de Col\u00f2mbia i el Departament de Cultura del Govern Basc, conscients de la import\u00e0ncia que l&#8217;educaci\u00f3 t\u00e9 en la transmissi\u00f3 intergeneracional l&#8217;idioma, han subscrit un protocol que t\u00e9 com a eixos principals la formaci\u00f3 i l&#8217;assessorament ling\u00fc\u00edstic.\n<\/p><\/blockquote>\n<p>Per cert, la cooperaci\u00f3 que podria aportar la Generalitat valenciana \u00e9s <a href=\"http:\/\/www.cdlpv.org\/dtl\/?p=1979\" target=\"_blank\">tota una altra<\/a>.<\/p>\n","protected":false},"excerpt":{"rendered":"<p>El Govern Basc coopera amb el Govern de Col\u00f2mbia en pol\u00edtica ling\u00fc\u00edstica (Euskararen Berripapera, 221, ): L&#8217;\u00e8uscar i les lleng\u00fces ind\u00edgenes de Col\u00f2mbia Al m\u00f3n es parlen m\u00e9s de sis mil idiomes, la majoria a \u00c0sia. Els pa\u00efsos de Sud-am\u00e8rica s\u00f3n molt rics des del punt de vista ling\u00fc\u00edstic, per exemple Col\u00f2mbia, on a banda [&hellip;]<\/p>\n","protected":false},"author":2,"featured_media":0,"comment_status":"open","ping_status":"open","sticky":false,"template":"","format":"standard","meta":{"footnotes":""},"categories":[3,10,1,47,19],"tags":[196,376],"class_list":["post-2475","post","type-post","status-publish","format-standard","hentry","category-documentacio","category-formacio","category-general","category-planificacio","category-politica","tag-euscar","tag-politica-linguistica"],"_links":{"self":[{"href":"https:\/\/www.cdlpv.org\/dtl\/wp-json\/wp\/v2\/posts\/2475","targetHints":{"allow":["GET"]}}],"collection":[{"href":"https:\/\/www.cdlpv.org\/dtl\/wp-json\/wp\/v2\/posts"}],"about":[{"href":"https:\/\/www.cdlpv.org\/dtl\/wp-json\/wp\/v2\/types\/post"}],"author":[{"embeddable":true,"href":"https:\/\/www.cdlpv.org\/dtl\/wp-json\/wp\/v2\/users\/2"}],"replies":[{"embeddable":true,"href":"https:\/\/www.cdlpv.org\/dtl\/wp-json\/wp\/v2\/comments?post=2475"}],"version-history":[{"count":0,"href":"https:\/\/www.cdlpv.org\/dtl\/wp-json\/wp\/v2\/posts\/2475\/revisions"}],"wp:attachment":[{"href":"https:\/\/www.cdlpv.org\/dtl\/wp-json\/wp\/v2\/media?parent=2475"}],"wp:term":[{"taxonomy":"category","embeddable":true,"href":"https:\/\/www.cdlpv.org\/dtl\/wp-json\/wp\/v2\/categories?post=2475"},{"taxonomy":"post_tag","embeddable":true,"href":"https:\/\/www.cdlpv.org\/dtl\/wp-json\/wp\/v2\/tags?post=2475"}],"curies":[{"name":"wp","href":"https:\/\/api.w.org\/{rel}","templated":true}]}}