{"id":247,"date":"2007-12-03T14:42:11","date_gmt":"2007-12-03T13:42:11","guid":{"rendered":"http:\/\/www.cdlpv.org\/dtl\/?p=247"},"modified":"2007-12-03T14:42:11","modified_gmt":"2007-12-03T13:42:11","slug":"el-codi-del-catala-i-lus-real","status":"publish","type":"post","link":"https:\/\/www.cdlpv.org\/dtl\/2007\/12\/03\/el-codi-del-catala-i-lus-real\/","title":{"rendered":"El codi del catal\u00e0 i l&#8217;\u00fas real"},"content":{"rendered":"<p>Hem detectat dos not\u00edcies que s\u00f3n simptom\u00e0tiques de la preocupaci\u00f3 real dels dirigents del <span class=\"versaleta\">pp<\/span> valenci\u00e0 per la llengua. Mentres all\u00e0 on poden actuen amb des\u00eddia i deixant que els drets ling\u00fc\u00edstics dels ciutadans valencians es vegen degradats cont\u00ednuament per falta d&#8217;\u00fas, en altres inst\u00e0ncies fan \u00fas de la parafern\u00e0lia nominalista \u2014revocada reiteradament per les inst\u00e0ncies judicials, pol\u00edtiques i acad\u00e8miques\u2014 per a exaltar els \u00e0nims amb discussions banals en \u00e0mbits de gesti\u00f3 on no tenen cap responsabilitat. Fer-se la foto i res m\u00e9s, en els dos casos.<\/p>\n<p>Les not\u00edcies s\u00f3n del diari <em>El Pa\u00eds<\/em> <a href=\"http:\/\/www.elpais.com\/articulo\/Comunidad\/Valenciana\/Ripoll\/gasta\/castellano\/extranjeros\/valenciano\/elpepuespval\/20071202elpval_2\/Tes\" target=\"_blank\">(02.12.2007)<\/a> i de l&#8217;ag\u00e8ncia Europa Press <a href=\"http:\/\/www.europapress.es\/00126\/20071201134204\/gobierno-afirma-uso-codigo-cat-valenciano-catalan-bn-cumple-estandares-internacionales.html\" target=\"_blank\">(02.12.2007)<\/a> [tradu\u00efdes amb l&#8217;ajuda de l&#8217;Internostrum]:<\/p>\n<blockquote>\n<h2>Ripoll gasta m\u00e9s en castell\u00e0 per a estrangers que en valenci\u00e0<\/h2>\n<h3>La Diputaci\u00f3 d&#8217;Alacant incompleix la Llei d&#8217;\u00das i no la considera priorit\u00e0ria<\/h3>\n<h5>EZEQUIEL MOLT\u00d3 &#8211; Alacant &#8211; 02.12.2007<\/h5>\n<p>La promoci\u00f3 i \u00fas del valenci\u00e0 en la Diputaci\u00f3 d&#8217;Alacant no \u00e9s una prioritat pol\u00edtica. La p\u00e0gina web nom\u00e9s est\u00e0 en castell\u00e0, igual que les actes dels plens i de les comissions, i fins i tot el <em>Butllet\u00ed Oficial de la Prov\u00edncia<\/em> \u00e9s uniling\u00fce.<\/p>\n<p>La instituci\u00f3 que presideix Jos\u00e9 Joaqu\u00edn Ripoll, del PP, incomplix sistem\u00e0ticament la Llei d&#8217;\u00das i Ensenyament del Valenci\u00e0 que el pr\u00f2xim any complir\u00e0 els 25 anys de la seua aprovaci\u00f3 per les Corts Valencianes. Segons els pressupostos de 2007 es destinaven 70.000 euros per a activitats culturals de foment i normalitzaci\u00f3 del valenci\u00e0, per\u00f2 se&#8217;n desconeix el grau d&#8217;execuci\u00f3. A m\u00e9s, havia altra partida de 17.000 euros per al Premi Enric Valor de novel\u00b7la en valenci\u00e0. Per a temes relacionats amb la normalitzaci\u00f3 ling\u00fc\u00edstica en total estan prevists 87.000 euros, una xifra inferior als 113.153 que la diputaci\u00f3 ha atorgat enguany a desenes d&#8217;ajuntaments per a programar cursos de castell\u00e0 destinats als residents europeus. Activitats que en algunes ocasions es convertixen en festes i berenars per als nous residents centre europeus, amb dret a vot, segons asseguren fonts del PSPV. L&#8217;\u00e0rea de presid\u00e8ncia de la Diputaci\u00f3 admet que en estos moments el tema del valenci\u00e0 \u00abno \u00e9s una prioritat perqu\u00e8 no hi ha queixes ni dels ajuntaments ni del ciutad\u00e0\u00bb. En el cap\u00edtol de personal la diputaci\u00f3 nom\u00e9s t\u00e9 assignada una pla\u00e7a per a un professor que s&#8217;encarrega de realitzar cursos de formaci\u00f3 als funcionaris i assumix tamb\u00e9 tasques de traducci\u00f3. Una dada que contrasta amb els vuit funcionaris dedicats exclusivament en la Diputaci\u00f3 de Val\u00e8ncia a l&#8217;\u00e0rea normalitzaci\u00f3 ling\u00fc\u00edstica. En l&#8217;esborrany de pressupostos previstos per al pr\u00f2xim exercici en la Diputaci\u00f3 d&#8217;Alacant s&#8217;augmenta a 80.000 euros la partida destinada a la promoci\u00f3 del valenci\u00e0.<\/p>\n<p>Els t\u00e8cnics consultats titllen de \u00abmolt greu\u00bb el cas de la diputaci\u00f3 al tractar-se de l&#8217;\u00abajuntament d&#8217;ajuntaments i actua com corretja de transmissi\u00f3\u00bb, afirma un d&#8217;ells. Els col\u00b7lectius c\u00edvics que vetlen pel valenci\u00e0 insten a la Diputaci\u00f3 a desenvolupar un pla que permeta els ajuntaments de les zones valencianoparlants aplicar campanyes espec\u00edfiques. Vicent Romans, d&#8217;Escola Valenciana, denuncia el \u00absistem\u00e0tic i continuat\u00bb incompliment de la Llei d&#8217;\u00das. \u00abAmb un premi de teatre o de literatura en valenci\u00e0 es renten la cara i consideren que \u00e9s suficient\u00bb, es lamenta el dirigent d&#8217;este col\u00b7lectiu. Romans recorda que la mateixa Acad\u00e8mia Valenciana de la Llengua, que va crear el PP, despr\u00e9s de les \u00faltimes eleccions municipals va aprovar una declaraci\u00f3 institucional en la qual instava l&#8217;administraci\u00f3 local a \u00abvetlar per drets i llibertats dels valencians\u00bb. Ara es pregunta \u00abon est\u00e0 la promoci\u00f3 i especial protecci\u00f3 al valenci\u00e0 que estable la Llei d&#8217;\u00das?\u00bb.<\/p>\n<p>Per\u00f2 l&#8217;esc\u00e0s inter\u00e8s que desperta la promoci\u00f3 del valenci\u00e0 no \u00e9s exclusiu de la Diputaci\u00f3 d&#8217;Alacant, sin\u00f3 que arriba a desenes d&#8217;ajuntaments. Dels 141 municipis, nom\u00e9s 16 tenen un servei propi de normalitzaci\u00f3 ling\u00fc\u00edstica, els escassos gabinets dedicats a esta tasca impedixen crear en les comarques del sud una xarxa d&#8217;experts. Davant d&#8217;a\u00e7\u00f2 \u00e9s la Diputaci\u00f3 de Val\u00e8ncia la que actua com coordinadora. En l&#8217;Ajuntament d&#8217;Alacant a penes hi ha activitats des del gabinet de normalitzaci\u00f3 i nom\u00e9s es programen actes culturals a\u00efllats en valenci\u00e0, sobretot teatre.<\/p>\n<p>A l&#8217;abs\u00e8ncia de personal i pressupost se suma una intencionalitat pol\u00edtica quan en la topon\u00edmia dels municipis, encara que s&#8217;haja aprovat l&#8217;\u00fas biling\u00fce, s&#8217;opta per fomentar la denominaci\u00f3 castellana. El col\u00b7lectiu del Bloc a Benigembla va denunciar que duen set anys \u00abesperant que canvien el r\u00e8tol de la carretera comarcal de Pego a Benidorm a l&#8217;altura d&#8217;Alcalal\u00ed\u00bb, en la qual figura el nom \u00abBenigembla\u00bb. El mateix ocorre en mapes o documents en els quals s&#8217;opta pel castell\u00e0. Els m\u00e9s freq\u00fcents s\u00f3n Xal\u00f3, Fageca, Mutxamel o Alcoi.<\/p>\n<hr \/>\n<h2>El Govern afirma que l&#8217;\u00fas del codi <em>cat<\/em> per a valenci\u00e0 i catal\u00e0 en la BN complix \u00abest\u00e0ndards internacionals\u00bb<\/h2>\n<h5>Val\u00e8ncia, 01.12.2007 (Europa Press)<\/h5>\n<p>En una resposta parlament\u00e0ria, a la qual ha tingut acc\u00e9s Europa Press, l&#8217;Executiu explica que la codificaci\u00f3 de la llengua es fa seguint la norma ISO 639-2 que mant\u00e9 la Library of Congress d&#8217;Estats Units. \u00abEn aquesta norma \u2014recorda el Govern\u2014 est\u00e0 previst el codi <em>cat<\/em> tant per a la descripci\u00f3 de les obres en valenci\u00e0 com catal\u00e0\u00bb.<\/p>\n<p>\u00c9s per aix\u00f2, que la Biblioteca Nacional utilitza dit codi per a la descripci\u00f3 de les obres en valenci\u00e0, \u00aben compliment dels est\u00e0ndards internacionals\u00bb, assegura.<\/p>\n<p>La resposta de l&#8217;executiu, motivada per una pregunta de la diputada del Grup Popular Maria \u00c0ngels Ramon-Llin, proporciona una explicaci\u00f3 detallada dels sistemes de classificaci\u00f3 utilitzats en la Biblioteca Nacional.<\/p>\n<p>Aix\u00ed, aclarix que \u00abla descripci\u00f3 bibliogr\u00e0fica es fa en un format espec\u00edfic llegible per ordinador que, sota la denominaci\u00f3 gen\u00e8rica de Marc <em>(Machine Readable Cataloging record)<\/em> ha tingut diferents adaptacions\u00bb.<\/p>\n<p>Afig que la Biblioteca Nacional va desenvolupar el format Ibermarc a partir del desplegat en Estats Units per la Library of Congress, denominat Usmarc.<\/p>\n<p>Tanmateix, el Govern informa que en l&#8217;actualitat, la Biblioteca Nacional est\u00e0 immersa en un canvi del Sistema Integrat de Gesti\u00f3 Bibliotec\u00e0ria (SIGB) que portar\u00e0 un canvi a format Marc 21, que \u00e9s el m\u00e9s utilitzat universalment i al que estan adaptant-se tots els grans cat\u00e0legs de biblioteques.<\/p>\n<\/blockquote>\n","protected":false},"excerpt":{"rendered":"<p>Hem detectat dos not\u00edcies que s\u00f3n simptom\u00e0tiques de la preocupaci\u00f3 real dels dirigents del pp valenci\u00e0 per la llengua. Mentres all\u00e0 on poden actuen amb des\u00eddia i deixant que els drets ling\u00fc\u00edstics dels ciutadans valencians es vegen degradats cont\u00ednuament per falta d&#8217;\u00fas, en altres inst\u00e0ncies fan \u00fas de la parafern\u00e0lia nominalista \u2014revocada reiteradament per les [&hellip;]<\/p>\n","protected":false},"author":2,"featured_media":0,"comment_status":"open","ping_status":"open","sticky":false,"template":"","format":"standard","meta":{"footnotes":""},"categories":[36,2,4,1,47,19,26,27],"tags":[77,148,183,255,280],"class_list":["post-247","post","type-post","status-publish","format-standard","hentry","category-allofobia","category-comunicacio","category-dret","category-general","category-planificacio","category-politica","category-serveis-linguistics","category-sociolinguistica","tag-bnv","tag-diputacio-dalacant","tag-escola-valenciana","tag-iso-639-2","tag-llei-dus"],"_links":{"self":[{"href":"https:\/\/www.cdlpv.org\/dtl\/wp-json\/wp\/v2\/posts\/247","targetHints":{"allow":["GET"]}}],"collection":[{"href":"https:\/\/www.cdlpv.org\/dtl\/wp-json\/wp\/v2\/posts"}],"about":[{"href":"https:\/\/www.cdlpv.org\/dtl\/wp-json\/wp\/v2\/types\/post"}],"author":[{"embeddable":true,"href":"https:\/\/www.cdlpv.org\/dtl\/wp-json\/wp\/v2\/users\/2"}],"replies":[{"embeddable":true,"href":"https:\/\/www.cdlpv.org\/dtl\/wp-json\/wp\/v2\/comments?post=247"}],"version-history":[{"count":0,"href":"https:\/\/www.cdlpv.org\/dtl\/wp-json\/wp\/v2\/posts\/247\/revisions"}],"wp:attachment":[{"href":"https:\/\/www.cdlpv.org\/dtl\/wp-json\/wp\/v2\/media?parent=247"}],"wp:term":[{"taxonomy":"category","embeddable":true,"href":"https:\/\/www.cdlpv.org\/dtl\/wp-json\/wp\/v2\/categories?post=247"},{"taxonomy":"post_tag","embeddable":true,"href":"https:\/\/www.cdlpv.org\/dtl\/wp-json\/wp\/v2\/tags?post=247"}],"curies":[{"name":"wp","href":"https:\/\/api.w.org\/{rel}","templated":true}]}}