{"id":246,"date":"2007-11-30T10:19:41","date_gmt":"2007-11-30T09:19:41","guid":{"rendered":"http:\/\/www.cdlpv.org\/dtl\/?p=246"},"modified":"2007-11-30T10:19:41","modified_gmt":"2007-11-30T09:19:41","slug":"el-cost-dels-drets-i-el-benefici","status":"publish","type":"post","link":"https:\/\/www.cdlpv.org\/dtl\/2007\/11\/30\/el-cost-dels-drets-i-el-benefici\/","title":{"rendered":"El cost dels drets i el benefici"},"content":{"rendered":"<p>\u00bfQu\u00e8 costa la llibertat d&#8217;expressi\u00f3? \u00bfQu\u00e8 costen els drets? \u00bfQu\u00e8 costa una votaci\u00f3 democr\u00e0tica? \u00bfQu\u00e8 costa la sanitat p\u00fablica? Naturalment, hi ha qui gestiona amb els peus. Per\u00f2 tamb\u00e9 es d\u00f3na el cas que podem convertir els nostres drets, la nostra vida, el valor de la literatura, de la salut, del dret de decidir ser mare o pare \u2014una cosina meua acaba de decidir-ho, \u00a1sort!\u2014, tot, en un c\u00e0lcul en euros, i llavors, a m\u00e9s d&#8217;adonar-nos de com \u00e9s de car, ens podrem adonar del valor econ\u00f2mic que t\u00e9 i dels recursos que mou en la societat.<\/p>\n<p>A continuaci\u00f3, podem fer la reflexi\u00f3 de com deu ser de barat no tindre drets, no poder decidir res, no poder llegir ni expressar-se lliurement, quants euros ens estalviar\u00edem. De fet, no caldrien, els euros. Per tant, ja podem valorar el cost-benefici de tot plegat. I \u00e9s que hi ha maneres mirar-se la societat que valoren molt el \u00abbenefici\u00bb propi i molt poc els drets de tots (els altres). \u00c9s el cas, per exemple, de l&#8217;estat espanyol (d&#8217;Aznar o Zapatero) que encara no hi han fet el catal\u00e0 llengua oficial. I \u00e9s que els sembla car, aix\u00f2 de la democr\u00e0cia.<\/p>\n<p>Per sort, a la Uni\u00f3 Europea tenim el Leonard Orban, segons comenta la not\u00edcia del diari <em>El Pa\u00eds<\/em> (<a href=\"http:\/\/www.elpais.com\/articulo\/cataluna\/uso\/lenguas\/UE\/cuesta\/ciudadano\/25\/euros\/elpepuespcat\/20071130elpcat_21\/Tes\" target=\"_blank\">30.11.2007<\/a>; tradu\u00eft amb l&#8217;ajuda del Salt):<\/p>\n<blockquote>\n<h2>L&#8217;\u00fas de les lleng\u00fces de la UE costa a cada ciutad\u00e0 2,5 euros<\/h2>\n<h3>La UOC obri una c\u00e0tedra dedicada al multiling\u00fcisme<\/h3>\n<h5>Ferran Sales &#8211; Barcelona &#8211; 30.11.2007<\/h5>\n<p>Cada ciutad\u00e0 paga de la seua pr\u00f2pia butxaca 2,5 euros a l&#8217;any per a finan\u00e7ar l&#8217;\u00fas de les diferents lleng\u00fces de la Uni\u00f3 Europea (UE). El cost d&#8217;esta Babel no pareix inquietar el comissari responsable del Multiling\u00fcisme, Leonard Orban. El comissari, que es troba de visita oficial a Barcelona, inaugurar\u00e0 la primera c\u00e0tedra d&#8217;una universitat catalana destinada a estudiar i potenciar el multiling\u00fcisme. Esta c\u00e0tedra, instal\u00b7lada en la Universitat Oberta de Catalunya, esta finan\u00e7ada per l&#8217;administraci\u00f3 central, la Generalitat i l&#8217;Ajuntament de Barcelona.<\/p>\n<p>Orban (Romania, 1961, enginyer i economista de professi\u00f3) s&#8217;enfronta a un dels reptes m\u00e9s importants de la seua vida professional: difondre i potenciar l&#8217;\u00fas de les lleng\u00fces estrangeres en tots els pa\u00efsos de la Uni\u00f3. Per a aix\u00f2 compta amb els r\u00e8dits aconseguits amb la seua reputaci\u00f3 de negociador en els anys en qu\u00e8 va batallar perqu\u00e8 Romania entrara en la UE.<\/p>\n<p>\u00abL&#8217;objectiu \u00e9s clar: el multiling\u00fcisme ha de servir de pont i instrument intercultural entre totes les societats. El multiling\u00fcisme representa un factor d&#8217;afirmaci\u00f3 nacional, per\u00f2 al mateix temps suposa un repte econ\u00f2mic en la nostra societat\u00bb, assegura Orban.<\/p>\n<p>La seua missi\u00f3 al front de la cartera de Multilinguisme \u00e9s \u00e0rdua i complicada, no en va s&#8217;enfronta a una s\u00e8rie de delicats problemes etnicopol\u00edtics, que afecten gran nombre de pa\u00efsos europeus. El m\u00e9s complicat i cr\u00edtic d&#8217;estos problemes est\u00e0 instal\u00b7lat en el mateix cor de la UE: B\u00e8lgica, on l&#8217;enfrontament entre flamencs i valons per la llengua amena\u00e7a de convertir-se en causa de secessi\u00f3. En els pa\u00efsos de l&#8217;Est es detecten problemes ling\u00fc\u00edstics de naturalesa semblant, dif\u00edcils d&#8217;afrontar. Enmig d&#8217;este complicat panorama, al comissari europeu no pareix preocupar-li la situaci\u00f3 ling\u00fc\u00edstica a Catalunya ja que, afirma, confia en la capacitat de \u00abdi\u00e0leg de les parts\u00bb.<\/p>\n<p>\u00abCal ser cauts i al mateix temps optimistes\u00bb, sost\u00e9 Orban, que preferix en qualsevol cas parlar de projectes. El m\u00e9s important s\u00f3n les l\u00ednies generals de l&#8217;estrat\u00e8gia del seu departament per al 2008. El nou programa passa obligat\u00f2riament per l&#8217;aprenentatge i la difusi\u00f3 de les lleng\u00fces, incloses les no oficials, en perfecta concordan\u00e7a amb la cima de Barcelona de 2002, en qu\u00e8 els estats es van comprometre a fomentar l&#8217;\u00fas de dos lleng\u00fces estrangeres a m\u00e9s de la pr\u00f2pia.<\/p>\n<p>Per a Orban, el multiling\u00fcisme \u00e9s un instrument imprescindible per a les economies nacionals si es vol assegurar la seua competitivitat i deixar de perdre contractes i diners per falta del coneixement de lleng\u00fces per part dels treballadors. Per\u00f2, a m\u00e9s, Orban alimenta i recolza la innovaci\u00f3 i la creativitat tecnol\u00f2gica vinculada a l&#8217;\u00fas de les lleng\u00fces, en un esfor\u00e7 per atraure m\u00e9s informaci\u00f3.<\/p>\n<p>L&#8217;aprenentatge de les lleng\u00fces estrangeres no comunit\u00e0ries \u00e9s un altre repte important del departament que dirigix Orban. El comissari observa amb atenci\u00f3 i com a punt de refer\u00e8ncia el que succe\u00efx en altres comunitats, especialment en Xina, on s\u00f3n cada vegada m\u00e9s nombroses les persones que estudien lleng\u00fces de segon orde. Enmig d&#8217;este panorama, assegura que no tenen sentit els incessants rumors sobre la possibilitat de reduir el nombre de lleng\u00fces en la UE.\n<\/p><\/blockquote>\n","protected":false},"excerpt":{"rendered":"<p>\u00bfQu\u00e8 costa la llibertat d&#8217;expressi\u00f3? \u00bfQu\u00e8 costen els drets? \u00bfQu\u00e8 costa una votaci\u00f3 democr\u00e0tica? \u00bfQu\u00e8 costa la sanitat p\u00fablica? Naturalment, hi ha qui gestiona amb els peus. Per\u00f2 tamb\u00e9 es d\u00f3na el cas que podem convertir els nostres drets, la nostra vida, el valor de la literatura, de la salut, del dret de decidir ser [&hellip;]<\/p>\n","protected":false},"author":2,"featured_media":0,"comment_status":"open","ping_status":"open","sticky":false,"template":"","format":"standard","meta":{"footnotes":""},"categories":[2,4,1,47,24,27,35],"tags":[128,275,287,322,491,501],"class_list":["post-246","post","type-post","status-publish","format-standard","hentry","category-comunicacio","category-dret","category-general","category-planificacio","category-requisit-linguistic","category-sociolinguistica","category-unio-europea","tag-cost","tag-leonard-orban","tag-llengues","tag-multilinguisme","tag-unio-europea","tag-uoc"],"_links":{"self":[{"href":"https:\/\/www.cdlpv.org\/dtl\/wp-json\/wp\/v2\/posts\/246","targetHints":{"allow":["GET"]}}],"collection":[{"href":"https:\/\/www.cdlpv.org\/dtl\/wp-json\/wp\/v2\/posts"}],"about":[{"href":"https:\/\/www.cdlpv.org\/dtl\/wp-json\/wp\/v2\/types\/post"}],"author":[{"embeddable":true,"href":"https:\/\/www.cdlpv.org\/dtl\/wp-json\/wp\/v2\/users\/2"}],"replies":[{"embeddable":true,"href":"https:\/\/www.cdlpv.org\/dtl\/wp-json\/wp\/v2\/comments?post=246"}],"version-history":[{"count":0,"href":"https:\/\/www.cdlpv.org\/dtl\/wp-json\/wp\/v2\/posts\/246\/revisions"}],"wp:attachment":[{"href":"https:\/\/www.cdlpv.org\/dtl\/wp-json\/wp\/v2\/media?parent=246"}],"wp:term":[{"taxonomy":"category","embeddable":true,"href":"https:\/\/www.cdlpv.org\/dtl\/wp-json\/wp\/v2\/categories?post=246"},{"taxonomy":"post_tag","embeddable":true,"href":"https:\/\/www.cdlpv.org\/dtl\/wp-json\/wp\/v2\/tags?post=246"}],"curies":[{"name":"wp","href":"https:\/\/api.w.org\/{rel}","templated":true}]}}