{"id":2456,"date":"2012-07-03T20:30:25","date_gmt":"2012-07-03T18:30:25","guid":{"rendered":"http:\/\/www.cdlpv.org\/dtl\/?p=2456"},"modified":"2012-07-03T20:30:25","modified_gmt":"2012-07-03T18:30:25","slug":"flaixos-sobre-drets-i-planificacio-linguistics","status":"publish","type":"post","link":"https:\/\/www.cdlpv.org\/dtl\/2012\/07\/03\/flaixos-sobre-drets-i-planificacio-linguistics\/","title":{"rendered":"Flaixos sobre drets i planificaci\u00f3 ling\u00fc\u00edstics"},"content":{"rendered":"<p>Els <em>Flaixos d\u2019Actualitat<\/em> (<a href=\"http:\/\/www6.gencat.cat\/llengcat\/Flaixos_92\/www20.gencat.cat\/portal\/site\/Llengcat\/menuitem.08f45c9e3857090e3285bdb1b0c0e1a0\/index88fa.html\" target=\"_blank\">n\u00fam. 92<\/a>, 21.06.2012) ens envien, entre altres, la informaci\u00f3 seg\u00fcent:<\/p>\n<blockquote>\n<h2>Manifest de Girona sobre drets ling\u00fc\u00edstics<\/h2>\n<p>El 5 de juny es va presentar Manifest de Girona sobre drets ling\u00fc\u00edstics elaborat pel PEN Internacional. L\u2019acte, que va tenir lloc al Palau de la Generalitat, va ser presidit pel president de la Generalitat, Artur Mas.<\/p>\n<p>El manifest recull els deu punts centrals de la Declaraci\u00f3 Universal de Drets Ling\u00fc\u00edstics, que es va signar a Barcelona l\u2019any 1996, en una confer\u00e8ncia mundial de drets ling\u00fc\u00edstics promoguda pel Comit\u00e8 de Traduccions i Drets Ling\u00fc\u00edstics del <a href=\"http:\/\/www.pencatala.cat\/\" target=\"_blank\">PEN Club Internacional<\/a> i el CIEMEN, amb el suport de la UNESCO.<\/p>\n<p>A l\u2019acte, que va tenir el suport de la Direcci\u00f3 General de Pol\u00edtica Ling\u00fc\u00edstica del Departament de Cultura pel que fa a la difusi\u00f3, hi van assistir el conseller de Cultura, Ferran Mascarell, i la directora general de Pol\u00edtica Ling\u00fc\u00edstica, Yvonne Griley.<\/p>\n<h2>Estudi Llenguatest Ag\u00e8ncies de Viatges<\/h2>\n<p>S\u2019ha posat en marxa la primera fase de l\u2019enquesta electr\u00f2nica Llenguatest Ag\u00e8ncies de Viatges, adre\u00e7ada a m\u00e9s de 300 ag\u00e8ncies associades a l\u2019Associaci\u00f3 Catalana d\u2019Ag\u00e8ncies de Viatges per con\u00e8ixer els usos ling\u00fc\u00edstics d\u2019aquest sector. L\u2019objectiu \u00e9s detectar les necessitats ling\u00fc\u00edstiques b\u00e0siques, preveure accions i valorar quins recursos i serveis pot oferir l\u2019Administraci\u00f3 per fomentar l\u2019\u00fas del catal\u00e0 en aquest \u00e0mbit. Es tracta d\u2019una prova pilot que es podr\u00e0 aplicar en altres sectors d\u2019inter\u00e8s.<\/p>\n<p>L\u2019estudi \u00e9s fruit de la co&#320;laboraci\u00f3 entre l\u2019Associaci\u00f3 Catalana d\u2019Ag\u00e8ncies de Viatges, la Confederaci\u00f3 de Comer\u00e7 de Catalunya i la Direcci\u00f3 General de Pol\u00edtica Ling\u00fc\u00edstica del Departament de Cultura.\n<\/p><\/blockquote>\n","protected":false},"excerpt":{"rendered":"<p>Els Flaixos d\u2019Actualitat (n\u00fam. 92, 21.06.2012) ens envien, entre altres, la informaci\u00f3 seg\u00fcent: Manifest de Girona sobre drets ling\u00fc\u00edstics El 5 de juny es va presentar Manifest de Girona sobre drets ling\u00fc\u00edstics elaborat pel PEN Internacional. L\u2019acte, que va tenir lloc al Palau de la Generalitat, va ser presidit pel president de la Generalitat, Artur [&hellip;]<\/p>\n","protected":false},"author":2,"featured_media":0,"comment_status":"open","ping_status":"open","sticky":false,"template":"","format":"standard","meta":{"footnotes":""},"categories":[4,1,47,19,27],"tags":[206],"class_list":["post-2456","post","type-post","status-publish","format-standard","hentry","category-dret","category-general","category-planificacio","category-politica","category-sociolinguistica","tag-flaixos-dactualitat"],"_links":{"self":[{"href":"https:\/\/www.cdlpv.org\/dtl\/wp-json\/wp\/v2\/posts\/2456","targetHints":{"allow":["GET"]}}],"collection":[{"href":"https:\/\/www.cdlpv.org\/dtl\/wp-json\/wp\/v2\/posts"}],"about":[{"href":"https:\/\/www.cdlpv.org\/dtl\/wp-json\/wp\/v2\/types\/post"}],"author":[{"embeddable":true,"href":"https:\/\/www.cdlpv.org\/dtl\/wp-json\/wp\/v2\/users\/2"}],"replies":[{"embeddable":true,"href":"https:\/\/www.cdlpv.org\/dtl\/wp-json\/wp\/v2\/comments?post=2456"}],"version-history":[{"count":0,"href":"https:\/\/www.cdlpv.org\/dtl\/wp-json\/wp\/v2\/posts\/2456\/revisions"}],"wp:attachment":[{"href":"https:\/\/www.cdlpv.org\/dtl\/wp-json\/wp\/v2\/media?parent=2456"}],"wp:term":[{"taxonomy":"category","embeddable":true,"href":"https:\/\/www.cdlpv.org\/dtl\/wp-json\/wp\/v2\/categories?post=2456"},{"taxonomy":"post_tag","embeddable":true,"href":"https:\/\/www.cdlpv.org\/dtl\/wp-json\/wp\/v2\/tags?post=2456"}],"curies":[{"name":"wp","href":"https:\/\/api.w.org\/{rel}","templated":true}]}}