{"id":245,"date":"2007-11-29T14:13:12","date_gmt":"2007-11-29T13:13:12","guid":{"rendered":"http:\/\/www.cdlpv.org\/dtl\/?p=245"},"modified":"2007-11-29T14:13:12","modified_gmt":"2007-11-29T13:13:12","slug":"un-mercat-valencia-possible-de-13-milions-de-persones","status":"publish","type":"post","link":"https:\/\/www.cdlpv.org\/dtl\/2007\/11\/29\/un-mercat-valencia-possible-de-13-milions-de-persones\/","title":{"rendered":"Un mercat valenci\u00e0 possible de 13 milions de persones"},"content":{"rendered":"<p>Els territoris de parla catalana som un mercat potencial de 13 milions de consumidors, i quasi 10 &mdash;exagerant un poquet&mdash; declaren que entenen el catal\u00e0, i m\u00e9s que no ho declaren podem estar segurs que l&#8217;entenen de la mateixa que poden arribar a entendre qualsevol llengua rom\u00e0nica (com diria Till Stegmann). Si, a m\u00e9s d&#8217;eixa facilitat, el govern valenci\u00e0 s&#8217;interessara per eixe mercat, pels seus clients, i pels seus ciutadans en general, i donara valor al seu patrimoni ling\u00fc\u00edstic i cultural, la difusi\u00f3 de la llengua a trav\u00e9s dels mitjans p\u00fablics i privats no trobaria els entrebancs que ha hagut de salvar fins ara.<\/p>\n<p>Per exemple, no caldria fer una campanya en favor de la cervesa <a href=\"http:\/\/www.moritz.es\/\" target=\"_blank\">Moritz<\/a> com a contrapartida a la <a href=\"http:\/\/www.mahou-sanmiguel.es\/\" target=\"_blank\">San Miguel<\/a>, perqu\u00e8 San Miguel entendria que etiquetar en catal\u00e0 \u00e9s tan normal com quan ho fa en suec, ni Francisco Camps estaria temptat de tancar la <span class=\"versaleta\">tv3<\/span> al Pa\u00eds Valenci\u00e0, perqu\u00e8 aix\u00f2 \u00e9s una mesura que ell mateix consideraria malament si es duguera a terme, posem per cas, a Vene\u00e7uela.<\/p>\n<p>La not\u00edcia \u00e9s del diari <em>Avui<\/em> <a href=\"http:\/\/www.avui.cat\/cultura_comunicacio\/detail.php?id=13893\" target=\"_blank\">(27.11.2007)<\/a>:<\/p>\n<blockquote>\n<h2>El Bar\u00f2metre confirma el domini de la televisi\u00f3 en els territoris de parla catalana amb un 87&nbsp;% de penetraci\u00f3<\/h2>\n<h3>Els territoris de parla catalana constitueixen un mercat b\u00e0sicament televisiu, amb una penetraci\u00f3 d&#8217;aquest mitj\u00e0 d&#8217;un 87&nbsp;%<\/h3>\n<p>Els territoris de parla catalana constitueixen un mercat b\u00e0sicament televisiu, amb una penetraci\u00f3 d&#8217;aquest mitj\u00e0 d&#8217;un 87&nbsp;%. En segon nivell, es troba el medi exterior, un 55&nbsp;%, seguit de prop de les revistes i publicacions peri\u00f2diques, amb un 52&nbsp;% de penetraci\u00f3, i les r\u00e0dios amb un 51&nbsp;%. Amb m\u00e9s dist\u00e0ncia es troba la premsa, amb un 39,9&nbsp;%, i Internet, amb un 26,3&nbsp;%. Aquestes s\u00f3n les primeres dades que es desprenen del Bar\u00f2metre de la Comunicaci\u00f3 i la Cultura, en el seu primer any de funcionament. Es tracta d&#8217;un estudi de mesura i an\u00e0lisi de les audi\u00e8ncies dels mitjans de comunicaci\u00f3 i els consums culturals en el mercat de parla catalana (Catalunya, Pa\u00eds Valenci\u00e0 i Illes Balears) d&#8217;un mercat potencial de 13 milions de consumidors, representats per una mostra de m\u00e9s de 39.000 individus que s\u00f3n sotmesos a una entrevista personal en profunditat de 45 minuts de durada.\n<\/p><\/blockquote>\n<p>I les dades sobre el mercat i els mitjans de comunicaci\u00f3 es poden trobar en <a href=\"http:\/\/www.fundacc.org\/fundacc\/ca\/dades\/resum-public-i-gratuit.html\" target=\"_blank\">El Bar\u00f2metre<\/a> de Fundacc.<\/p>\n","protected":false},"excerpt":{"rendered":"<p>Els territoris de parla catalana som un mercat potencial de 13 milions de consumidors, i quasi 10 &mdash;exagerant un poquet&mdash; declaren que entenen el catal\u00e0, i m\u00e9s que no ho declaren podem estar segurs que l&#8217;entenen de la mateixa que poden arribar a entendre qualsevol llengua rom\u00e0nica (com diria Till Stegmann). Si, a m\u00e9s d&#8217;eixa [&hellip;]<\/p>\n","protected":false},"author":2,"featured_media":0,"comment_status":"open","ping_status":"open","sticky":false,"template":"","format":"standard","meta":{"footnotes":""},"categories":[2,7,1,15,47,19,27],"tags":[117,308],"class_list":["post-245","post","type-post","status-publish","format-standard","hentry","category-comunicacio","category-empreses","category-general","category-laboral","category-planificacio","category-politica","category-sociolinguistica","tag-consumidors","tag-mercat"],"_links":{"self":[{"href":"https:\/\/www.cdlpv.org\/dtl\/wp-json\/wp\/v2\/posts\/245","targetHints":{"allow":["GET"]}}],"collection":[{"href":"https:\/\/www.cdlpv.org\/dtl\/wp-json\/wp\/v2\/posts"}],"about":[{"href":"https:\/\/www.cdlpv.org\/dtl\/wp-json\/wp\/v2\/types\/post"}],"author":[{"embeddable":true,"href":"https:\/\/www.cdlpv.org\/dtl\/wp-json\/wp\/v2\/users\/2"}],"replies":[{"embeddable":true,"href":"https:\/\/www.cdlpv.org\/dtl\/wp-json\/wp\/v2\/comments?post=245"}],"version-history":[{"count":0,"href":"https:\/\/www.cdlpv.org\/dtl\/wp-json\/wp\/v2\/posts\/245\/revisions"}],"wp:attachment":[{"href":"https:\/\/www.cdlpv.org\/dtl\/wp-json\/wp\/v2\/media?parent=245"}],"wp:term":[{"taxonomy":"category","embeddable":true,"href":"https:\/\/www.cdlpv.org\/dtl\/wp-json\/wp\/v2\/categories?post=245"},{"taxonomy":"post_tag","embeddable":true,"href":"https:\/\/www.cdlpv.org\/dtl\/wp-json\/wp\/v2\/tags?post=245"}],"curies":[{"name":"wp","href":"https:\/\/api.w.org\/{rel}","templated":true}]}}