{"id":2445,"date":"2012-06-11T12:28:27","date_gmt":"2012-06-11T10:28:27","guid":{"rendered":"http:\/\/www.cdlpv.org\/dtl\/?p=2445"},"modified":"2012-06-11T12:28:27","modified_gmt":"2012-06-11T10:28:27","slug":"flaixos-sobre-legislacio-oferta-linguistica-i-bones-practiques","status":"publish","type":"post","link":"https:\/\/www.cdlpv.org\/dtl\/2012\/06\/11\/flaixos-sobre-legislacio-oferta-linguistica-i-bones-practiques\/","title":{"rendered":"Flaixos sobre legislaci\u00f3, oferta ling\u00fc\u00edstica i bones pr\u00e0ctiques"},"content":{"rendered":"<p>Els <em>Flaixos d\u2019Actualitat<\/em> (<a href=\"http:\/\/www20.gencat.cat\/portal\/site\/Llengcat\/menuitem.eeaadea1a040d1e7a129d410b0c0e1a0\/?vgnextoid=c0a34fdc65103110VgnVCM1000008d0c1e0aRCRD&#038;vgnextchannel=c0a34fdc65103110VgnVCM1000008d0c1e0aRCRD&#038;vgnextfmt=default\" target=\"_blank\">n\u00fam. 90 i 91<\/a>, maig i juny del 2012) ens envien, entre altres, la informaci\u00f3 seg\u00fcent:<\/p>\n<blockquote>\n<h2>Actualitzaci\u00f3 de funcions de la Direcci\u00f3 General de Pol\u00edtica Ling\u00fc\u00edstica<\/h2>\n<p>El Govern ha aprovat el Decret 59\/2012, de 29 de maig (DOGC n\u00fam. 6139, del 31), de modificaci\u00f3 del Decret 304\/2011, de 29 de mar\u00e7, de reestructuraci\u00f3 del Departament de Cultura. En relaci\u00f3 amb la Direcci\u00f3 General de Pol\u00edtica Ling\u00fc\u00edstica, el Decret n\u2019actualitza les funcions i adscriu a la Subdirecci\u00f3 les compet\u00e8ncies relatives a la llengua occitana, aran\u00e8s a l\u2019Aran, i a la llengua de signes catalana. <\/p>\n<p>M\u00e9s informaci\u00f3:<br \/>\n<a href=\"http:\/\/www20.gencat.cat\/portal\/site\/portaldogc\/menuitem.c973d2fc58aa0083e4492d92b0c0e1a0\/?vgnextoid=485946a6e5dfe210VgnVCM1000000b0c1e0aRCRD&#038;appInstanceName=default&#038;action=fitxa&#038;documentId=608953&#038;language=ca_ES\" target=\"_blank\">DECRET 59\/2012<\/a>, de 29 de maig, de modificaci\u00f3 del Decret 304\/2011, de 29 de mar\u00e7, de reestructuraci\u00f3 del Departament de Cultura<br \/>\nArticle 22. Direcci\u00f3 General de Pol\u00edtica Ling\u00fc\u00edstica.<\/p>\n<h2>L&#8217;Ofercat analitzar\u00e0 l&#8217;oferta ling\u00fc\u00edstica de 4.000 establiments de Barcelona<\/h2>\n<p>La directora general de Pol\u00edtica Ling\u00fc\u00edstica del Departament de Cultura, Yvonne Griley, i el tinent d\u2019alcalde de Cultura, Coneixement, Creativitat i Innovaci\u00f3 de l\u2019Ajuntament de Barcelona, Jaume Ciurana, van presentar el nou estudi Ofercat que es far\u00e0 a la ciutat de Barcelona i van fer una valoraci\u00f3 global de les dades recollides a 20 ciutats catalanes des del 2001. La presentaci\u00f3 va tenir lloc el 29 de maig, al Palau de la Virreina. <\/p>\n<p>El Departament de Cultura de la Generalitat de Catalunya i l\u2019Ajuntament de Barcelona, a trav\u00e9s del Centre de Normalitzaci\u00f3 Ling\u00fc\u00edstica de Barcelona, analitzaran l\u2019oferta ling\u00fc\u00edstica de 4.000 establiments barcelonins distribu\u00efts pels diversos districtes de la ciutat. El resultat permetr\u00e0 con\u00e8ixer de prop l\u2019oferta en llengua catalana en els establiments comercials, i s\u2019inscriur\u00e0 en l\u2019estudi Ofercat que, des del 2001 fins a l\u2019actualitat, ja ha perm\u00e8s con\u00e8ixer de prop la realitat ling\u00fc\u00edstica de 20 localitats catalanes.<\/p>\n<p>M\u00e9s informaci\u00f3:<br \/>\n<a href=\"http:\/\/www.gencat.cat\/llengua\/ofercat\" target=\"_blank\"><em>&#8211; www.gencat.cat\/llengua\/ofercat<\/em><\/a><br \/>\n<a href=\"http:\/\/premsa.gencat.cat\/pres_fsvp\/AppJava\/notapremsavw\/detall.do?id=150319&#038;idioma=0&#038;departament=14&#038;canal=15\" target=\"_blank\">&#8211; L&#8217;estudi Ofercat analitzar\u00e0 l&#8217;oferta ling\u00fc\u00edstica de 4.000 establiments barcelonins<\/a><\/p>\n<h2>Creaci\u00f3 del Consell de Pol\u00edtica Ling\u00fc\u00edstica de l&#8217;Occit\u00e0 Aran\u00e8s<\/h2>\n<p>El 17 de maig, en la segona comissi\u00f3 bilateral celebrada des de la constituci\u00f3 del nou Conselh Generau d\u2019Aran, s\u2019ha creat el Consell de Pol\u00edtica Ling\u00fc\u00edstica de l\u2019Occit\u00e0 Aran\u00e8s, \u00f2rgan encarregat d\u2019impulsar les actuacions necess\u00e0ries per garantir el finan\u00e7ament adequat i suficient de les pol\u00edtiques ling\u00fc\u00edstiques amb relaci\u00f3 a l\u2019occit\u00e0 aran\u00e8s, d\u2019assegurar la coordinaci\u00f3 entre la Generalitat i el Conselh Generau d\u2019Aran en aquest \u00e0mbit i de fer el seguiment i l\u2019avaluaci\u00f3 de tots els acords adoptats.<\/p>\n<p>La creaci\u00f3 del Consell de Pol\u00edtica Ling\u00fc\u00edstica de l&#8217;Occit\u00e0 Aran\u00e8s d\u00f3na compliment a l\u2019Estatut d\u2019autonomia de Catalunya, que en l\u2019article 6.5 declara oficial a Catalunya la llengua occitana, denominada aran\u00e8s a l\u2019Aran, i tamb\u00e9 a la Llei 35\/2010, de l\u2019occit\u00e0, aran\u00e8s a l\u2019Aran, en la qual es va preveure la creaci\u00f3 d\u2019una estructura parit\u00e0ria entre la Generalitat i el Conselh Generau d&#8217;Aran per a garantir el finan\u00e7ament adequat i suficient de les pol\u00edtiques ling\u00fc\u00edstiques en relaci\u00f3 amb l&#8217;aran\u00e8s i la coordinaci\u00f3 entre ambdues institucions en aquest \u00e0mbit.<\/p>\n<p>M\u00e9s informaci\u00f3:<br \/>\n<a href=\"http:\/\/premsa.gencat.cat\/pres_fsvp\/AppJava\/notapremsavw\/detall.do?id=149080&#038;idioma=0\" target=\"_blank\">El Govern i el Conselh Generau d&#8217;Aran creen el Consell de Pol\u00edtica Ling\u00fc\u00edstica de l&#8217;Occit\u00e0 Aran\u00e8s<\/a><\/p>\n<h2>Manual per a unes bones pr\u00e0ctiques ling\u00fc\u00edstiques a l\u2019empresa<\/h2>\n<p>La Plataforma per la Llengua i la Fundaci\u00f3 Vincle han editat la publicaci\u00f3 Manual per a unes bones pr\u00e0ctiques ling\u00fc\u00edstiques a l&#8217;empresa, una eina \u00fatil per a les empreses a l\u2019hora d&#8217;actuar amb responsabilitat pel que fa a la llengua catalana. Se n\u2019ha fet tamb\u00e9 una versi\u00f3 redu\u00efda en format desplegable. <\/p>\n<p>El manual es va presentar en el marc de la jornada &#8220;A l&#8217;empresa, en catal\u00e0&#8221;, que el dia 16 de maig van aplegar algunes de les principals organitzacions del pa\u00eds, representants de l&#8217;administraci\u00f3 i empresaris, amb l&#8217;objectiu de refermar la voluntat dels diversos ens implicats en la normalitzaci\u00f3 del catal\u00e0 a l&#8217;empresa. Van participar-hi, entre altres, el conseller d\u2019Empresa i Ocupaci\u00f3, Francesc Xavier Mena; la directora general de Pol\u00edtica Ling\u00fc\u00edstica, Yvonne Griley; l\u2019 expresident del Parlament de Catalunya, Joan Rigol; el vicepresident del Cercle d\u2019Economia, Artur Carulla, o el president de Plataforma per la llengua, \u00d2scar Escuder. <\/p>\n<p>M\u00e9s informaci\u00f3:<br \/>\n<a href=\"http:\/\/www.plataforma-llengua.cat\/noticies\/interior\/1735\" target=\"_blank\"><em>http:\/\/www.plataforma-llengua.cat\/noticies\/interior\/1735<\/em><\/a>\n<\/p><\/blockquote>\n","protected":false},"excerpt":{"rendered":"<p>Els Flaixos d\u2019Actualitat (n\u00fam. 90 i 91, maig i juny del 2012) ens envien, entre altres, la informaci\u00f3 seg\u00fcent: Actualitzaci\u00f3 de funcions de la Direcci\u00f3 General de Pol\u00edtica Ling\u00fc\u00edstica El Govern ha aprovat el Decret 59\/2012, de 29 de maig (DOGC n\u00fam. 6139, del 31), de modificaci\u00f3 del Decret 304\/2011, de 29 de mar\u00e7, de [&hellip;]<\/p>\n","protected":false},"author":2,"featured_media":0,"comment_status":"open","ping_status":"open","sticky":false,"template":"","format":"standard","meta":{"footnotes":""},"categories":[2,4,7,1,47,26],"tags":[206],"class_list":["post-2445","post","type-post","status-publish","format-standard","hentry","category-comunicacio","category-dret","category-empreses","category-general","category-planificacio","category-serveis-linguistics","tag-flaixos-dactualitat"],"_links":{"self":[{"href":"https:\/\/www.cdlpv.org\/dtl\/wp-json\/wp\/v2\/posts\/2445","targetHints":{"allow":["GET"]}}],"collection":[{"href":"https:\/\/www.cdlpv.org\/dtl\/wp-json\/wp\/v2\/posts"}],"about":[{"href":"https:\/\/www.cdlpv.org\/dtl\/wp-json\/wp\/v2\/types\/post"}],"author":[{"embeddable":true,"href":"https:\/\/www.cdlpv.org\/dtl\/wp-json\/wp\/v2\/users\/2"}],"replies":[{"embeddable":true,"href":"https:\/\/www.cdlpv.org\/dtl\/wp-json\/wp\/v2\/comments?post=2445"}],"version-history":[{"count":0,"href":"https:\/\/www.cdlpv.org\/dtl\/wp-json\/wp\/v2\/posts\/2445\/revisions"}],"wp:attachment":[{"href":"https:\/\/www.cdlpv.org\/dtl\/wp-json\/wp\/v2\/media?parent=2445"}],"wp:term":[{"taxonomy":"category","embeddable":true,"href":"https:\/\/www.cdlpv.org\/dtl\/wp-json\/wp\/v2\/categories?post=2445"},{"taxonomy":"post_tag","embeddable":true,"href":"https:\/\/www.cdlpv.org\/dtl\/wp-json\/wp\/v2\/tags?post=2445"}],"curies":[{"name":"wp","href":"https:\/\/api.w.org\/{rel}","templated":true}]}}