{"id":2440,"date":"2012-05-23T08:04:15","date_gmt":"2012-05-23T06:04:15","guid":{"rendered":"http:\/\/www.cdlpv.org\/dtl\/?p=2440"},"modified":"2012-05-23T08:04:15","modified_gmt":"2012-05-23T06:04:15","slug":"jornada-de-la-societat-donomastica-sobre-lexonimia","status":"publish","type":"post","link":"https:\/\/www.cdlpv.org\/dtl\/2012\/05\/23\/jornada-de-la-societat-donomastica-sobre-lexonimia\/","title":{"rendered":"Jornada de la Societat d\u2019Onom\u00e0stica sobre l&#8217;exon\u00edmia"},"content":{"rendered":"<p>Ferran Isabel ens envia a trav\u00e9s de la llista Infoz\u00e8fir la informaci\u00f3 seg\u00fcent:<\/p>\n<blockquote>\n<h2>II Jornada de la Societat d\u2019Onom\u00e0stica<\/h2>\n<p>A l&#8217;Octubre Centre de Cultura Contempor\u00e0nia (Val\u00e8ncia)<br \/>\nDel 19.10.2012 al 20.10.2012<\/p>\n<p>Els dies 19 i 20 d\u2019octubre de 2012 a la seu de Octubre Centre de Cultura Contempor\u00e0nia (Sant Ferran, 12, Val\u00e8ncia). Organitza: Societat d\u2019Onom\u00e0stica i Octubre CCC. Hi col\u00b7labora: Institut Cartogr\u00e0fic de Catalunya i Acad\u00e8mia Valenciana de la Llengua.<\/p>\n<p>\u00abL\u2019Exon\u00edmia: una manifestaci\u00f3 m\u00e9s de la globalitzaci\u00f3\u00bb<\/p>\n<p><b>Programa provisional<\/b><\/p>\n<p><b>19 d\u2019octubre<\/b><br \/>\n19.30h: Emili Casanova: \u00abLa deonom\u00e0stica i l\u2019exon\u00edmia: dos fonts de la creaci\u00f3 l\u00e8xiconom\u00e0stica\u00bb<\/p>\n<p><b>20 d\u2019octubre<\/b><br \/>\n09.00h: Recollida de material<br \/>\n09.30h: Josep Lacreu (AVL): \u00abProblemes de l\u2019exon\u00edmia valenciana\u00bb<br \/>\n10.30h: Mar Batlle i Joan Anton Rabella (Oficina d\u2019Onom\u00e0stica-IEC): \u00abEls principis d\u2019adaptaci\u00f3 de l\u2019exon\u00edmia catalana\u00bb<br \/>\n11.30h: Descans<br \/>\n12.00h: Llu\u00eds Polanco (UV-IEC): \u00abCom han solucionat les adaptacions les altres lleng\u00fces de zones multiling\u00fces\u00bb<br \/>\n13.00h: Juli Moll (ICC) i David Ord\u00f3\u00f1ez: \u00abLa difusi\u00f3 de l\u2019exon\u00edmia catalana en un m\u00f3n interconnectat\u00bb<\/p>\n<p>14.00h: Dinar<\/p>\n<p>16.00-17.30h: Cinc comunicacions lliures de 15 minuts<br \/>\n17.30-19.00h: Taula redona \u00abLes necessitats exon\u00edmiques di\u00e0ries\u00bb<br \/>\nModera: Joan Tort (UB)<br \/>\nDaniel Casals (UAB): \u00abL\u2019ex\u00f2nim en la premsa\u00bb<br \/>\nAlexandre Berenguer (UV-Canal Nou): \u00abL\u2019ex\u00f2nim en la TV\u00bb<br \/>\nJoan Ramon Borr\u00e0s (Talens Ass.): \u00abEl traductor literari davant l\u2019ex\u00f2nim\u00bb<br \/>\nLeopold Forner (UV): \u00abL\u2019adaptaci\u00f3 en la ind\u00fastria m\u00e8dica\u00bb<br \/>\n19.15h: Cloenda: Vicen\u00e7 Rossell\u00f3 (UV-IEC): \u00abUn precedent medieval de l\u2019exon\u00edmia: les Cartes Portolanes\u00bb<\/p>\n<p>Comunicacions lliures: Qualsevol t\u00e8cnic o usuari en exon\u00edmia disposar\u00e0 de 15 minuts per a poder presentar a la Jornada la seua experi\u00e8ncia o el fruit de les seues reflexions. El comit\u00e9 organitzador en triar\u00e0 5 per a la seua lectura i la resta per a la seua publicaci\u00f3 dins de les actes de la Jornada.<\/p>\n<p>El termini de presentaci\u00f3 de propostes finalitzar\u00e0 el 20 de juny de 2012. Les comunicacions s\u2019han d\u2019enviar per correu electr\u00f2nic a <a href=\"mailto:ltomas@octubre.cat\"><em>ltomas@octubre.cat<\/em><\/a>. El Comit\u00e9 avaluador remetr\u00e0 resposta abans del 10 de juliol.<\/p>\n<p>La inscripci\u00f3 per a participar en les jornades \u00e9s gratu\u00efta a trav\u00e9s d&#8217;Internet.<\/p>\n<p>Font: Vicent Ferran Garcia Perales<br \/>\nEnlla\u00e7: <em><a href=\"http:\/\/breu.bulma.net\/?l14619\" target=\"_blank\">http:\/\/breu.bulma.net\/?l14619<\/a><\/em>\n<\/p><\/blockquote>\n","protected":false},"excerpt":{"rendered":"<p>Ferran Isabel ens envia a trav\u00e9s de la llista Infoz\u00e8fir la informaci\u00f3 seg\u00fcent: II Jornada de la Societat d\u2019Onom\u00e0stica A l&#8217;Octubre Centre de Cultura Contempor\u00e0nia (Val\u00e8ncia) Del 19.10.2012 al 20.10.2012 Els dies 19 i 20 d\u2019octubre de 2012 a la seu de Octubre Centre de Cultura Contempor\u00e0nia (Sant Ferran, 12, Val\u00e8ncia). Organitza: Societat d\u2019Onom\u00e0stica i [&hellip;]<\/p>\n","protected":false},"author":2,"featured_media":0,"comment_status":"open","ping_status":"open","sticky":false,"template":"","format":"standard","meta":{"footnotes":""},"categories":[10,1,22,32],"tags":[258],"class_list":["post-2440","post","type-post","status-publish","format-standard","hentry","category-formacio","category-general","category-recerca","category-toponimia","tag-jornades"],"_links":{"self":[{"href":"https:\/\/www.cdlpv.org\/dtl\/wp-json\/wp\/v2\/posts\/2440","targetHints":{"allow":["GET"]}}],"collection":[{"href":"https:\/\/www.cdlpv.org\/dtl\/wp-json\/wp\/v2\/posts"}],"about":[{"href":"https:\/\/www.cdlpv.org\/dtl\/wp-json\/wp\/v2\/types\/post"}],"author":[{"embeddable":true,"href":"https:\/\/www.cdlpv.org\/dtl\/wp-json\/wp\/v2\/users\/2"}],"replies":[{"embeddable":true,"href":"https:\/\/www.cdlpv.org\/dtl\/wp-json\/wp\/v2\/comments?post=2440"}],"version-history":[{"count":0,"href":"https:\/\/www.cdlpv.org\/dtl\/wp-json\/wp\/v2\/posts\/2440\/revisions"}],"wp:attachment":[{"href":"https:\/\/www.cdlpv.org\/dtl\/wp-json\/wp\/v2\/media?parent=2440"}],"wp:term":[{"taxonomy":"category","embeddable":true,"href":"https:\/\/www.cdlpv.org\/dtl\/wp-json\/wp\/v2\/categories?post=2440"},{"taxonomy":"post_tag","embeddable":true,"href":"https:\/\/www.cdlpv.org\/dtl\/wp-json\/wp\/v2\/tags?post=2440"}],"curies":[{"name":"wp","href":"https:\/\/api.w.org\/{rel}","templated":true}]}}