{"id":2437,"date":"2012-05-22T15:54:00","date_gmt":"2012-05-22T13:54:00","guid":{"rendered":"http:\/\/www.cdlpv.org\/dtl\/?p=2437"},"modified":"2012-05-22T15:54:00","modified_gmt":"2012-05-22T13:54:00","slug":"editor-de-matematiques-en-barcelona","status":"publish","type":"post","link":"https:\/\/www.cdlpv.org\/dtl\/2012\/05\/22\/editor-de-matematiques-en-barcelona\/","title":{"rendered":"Editor de matem\u00e0tiques en Barcelona"},"content":{"rendered":"<p>Xavier Rull envia a trav\u00e9s d&#8217;Infoz\u00e8fir l&#8217;oferta seg\u00fcent:<\/p>\n<blockquote><p>\nEditorial l\u00edder en el sector del llibre de text (ESO i Batxillerat) a Catalunya cerca, per a la seva oficina de Barcelona, un editor de matem\u00e0tiques.<\/p>\n<p>Es demana:<br \/>\n\u00ad&mdash; Llicenciatura en matem\u00e0tiques, f\u00edsica enginyeria o similar (no es trindran en compte candidats que no compleixin aquest requisit).<br \/>\n\u00ad&mdash; Alt domini de la llengua catalana (nivell D o equivalent, es valorar\u00e0 el nivell K).<br \/>\n\u00ad&mdash; Experi\u00e8ncia editorial en llibres de text i\/o experi\u00e8ncia docent en l\u2019\u00e0rea de les ci\u00e8ncies, la matem\u00e0tica o la f\u00edsica.<br \/>\n\u00ad&mdash; Coneixements en:<br \/>\n\u00b7 Edici\u00f3, preparaci\u00f3 dels originals.<br \/>\n\u00b7 Control de continguts did\u00e0ctics.<br \/>\n\u00b7 Gesti\u00f3 de projectes editorials amb col\u00b7laboradors externs.<\/p>\n<p>Es valorar\u00e0 el domini de l\u2019angl\u00e8s. Incorporaci\u00f3 immediata<\/p>\n<p>S`ofereix:<br \/>\n\u00ad&mdash; Contracte de durada determinada.<br \/>\n\u00ad&mdash; Jornada labora completa, de 8:30 a 17 hores.<\/p>\n<p>Cal enviar les sol\u00b7licituds a: <a href=\"mailto:recruiting_spain.mcgraw-hill.com@mcgraw-hill.com\">recruiting_spain.mcgraw-hill.com@mcgraw-hill.com<\/a> i indicar a l\u2019assumpte \u00abEditor de matem\u00e0tiques\u00bb.<\/p>\n<p>Font: McGraw-Hill\/Interamericana\n<\/p><\/blockquote>\n","protected":false},"excerpt":{"rendered":"<p>Xavier Rull envia a trav\u00e9s d&#8217;Infoz\u00e8fir l&#8217;oferta seg\u00fcent: Editorial l\u00edder en el sector del llibre de text (ESO i Batxillerat) a Catalunya cerca, per a la seva oficina de Barcelona, un editor de matem\u00e0tiques. Es demana: \u00ad&mdash; Llicenciatura en matem\u00e0tiques, f\u00edsica enginyeria o similar (no es trindran en compte candidats que no compleixin aquest requisit). [&hellip;]<\/p>\n","protected":false},"author":2,"featured_media":0,"comment_status":"open","ping_status":"open","sticky":false,"template":"","format":"standard","meta":{"footnotes":""},"categories":[1,15],"tags":[163],"class_list":["post-2437","post","type-post","status-publish","format-standard","hentry","category-general","category-laboral","tag-editorials"],"_links":{"self":[{"href":"https:\/\/www.cdlpv.org\/dtl\/wp-json\/wp\/v2\/posts\/2437","targetHints":{"allow":["GET"]}}],"collection":[{"href":"https:\/\/www.cdlpv.org\/dtl\/wp-json\/wp\/v2\/posts"}],"about":[{"href":"https:\/\/www.cdlpv.org\/dtl\/wp-json\/wp\/v2\/types\/post"}],"author":[{"embeddable":true,"href":"https:\/\/www.cdlpv.org\/dtl\/wp-json\/wp\/v2\/users\/2"}],"replies":[{"embeddable":true,"href":"https:\/\/www.cdlpv.org\/dtl\/wp-json\/wp\/v2\/comments?post=2437"}],"version-history":[{"count":0,"href":"https:\/\/www.cdlpv.org\/dtl\/wp-json\/wp\/v2\/posts\/2437\/revisions"}],"wp:attachment":[{"href":"https:\/\/www.cdlpv.org\/dtl\/wp-json\/wp\/v2\/media?parent=2437"}],"wp:term":[{"taxonomy":"category","embeddable":true,"href":"https:\/\/www.cdlpv.org\/dtl\/wp-json\/wp\/v2\/categories?post=2437"},{"taxonomy":"post_tag","embeddable":true,"href":"https:\/\/www.cdlpv.org\/dtl\/wp-json\/wp\/v2\/tags?post=2437"}],"curies":[{"name":"wp","href":"https:\/\/api.w.org\/{rel}","templated":true}]}}