{"id":2417,"date":"2012-03-24T13:00:49","date_gmt":"2012-03-24T11:00:49","guid":{"rendered":"http:\/\/www.cdlpv.org\/dtl\/?p=2417"},"modified":"2012-03-24T13:00:49","modified_gmt":"2012-03-24T11:00:49","slug":"larrelament-linguistic","status":"publish","type":"post","link":"https:\/\/www.cdlpv.org\/dtl\/2012\/03\/24\/larrelament-linguistic\/","title":{"rendered":"L&#8217;arrelament ling\u00fc\u00edstic"},"content":{"rendered":"<p>Segons Miquel Noguer en el <em>El Pa\u00eds <\/em>(\u00abCatalu\u00f1a exige catal\u00e1n y castellano a los inmigrantes\u00bb, 21.03.2012):<\/p>\n<blockquote><p>Els immigrants que residixen a Catalunya i que vullguen obtindre el certificat d&#8217;arrelament, legalitzar la seua situaci\u00f3 o demanar la reagrupaci\u00f3 familiar, hauran d&#8217;acreditar un coneixement m\u00ednim de catal\u00e0 i de castell\u00e0. Aix\u00ed ho han pactat la Generalitat i les dos associacions de municipis, institucions que demanaven l&#8217;establiment d&#8217;uns criteris comuns en la concessi\u00f3 d&#8217;estos certificats no nom\u00e9s en l&#8217;\u00e0mbit ling\u00fc\u00edstic, sin\u00f3 tamb\u00e9 pel que fa a habitatge i el treball. Estos certificats s\u00f3n obligatoris per a iniciar els tr\u00e0mits davant el Ministeri d&#8217;Interior, per\u00f2 no s\u00f3n vinculants.<\/p><\/blockquote>\n<p>El titular, com \u00e9s habitual, carrega les tintes amb l&#8217;\u00abexige\u00bb, per\u00f2 la lectura de l&#8217;article aclarix que la q\u00fcesti\u00f3 ling\u00fc\u00edstica ser\u00e0 \u00abun dels elements a tindre en compte\u00bb i que n&#8217;hi haur\u00e0 prou havent fet vint hores d&#8217;un curs de la llengua que no es conega.<\/p>\n","protected":false},"excerpt":{"rendered":"<p>Segons Miquel Noguer en el El Pa\u00eds (\u00abCatalu\u00f1a exige catal\u00e1n y castellano a los inmigrantes\u00bb, 21.03.2012): Els immigrants que residixen a Catalunya i que vullguen obtindre el certificat d&#8217;arrelament, legalitzar la seua situaci\u00f3 o demanar la reagrupaci\u00f3 familiar, hauran d&#8217;acreditar un coneixement m\u00ednim de catal\u00e0 i de castell\u00e0. Aix\u00ed ho han pactat la Generalitat i [&hellip;]<\/p>\n","protected":false},"author":2,"featured_media":0,"comment_status":"open","ping_status":"open","sticky":false,"template":"","format":"standard","meta":{"footnotes":""},"categories":[10,1,47,24],"tags":[50,241],"class_list":["post-2417","post","type-post","status-publish","format-standard","hentry","category-formacio","category-general","category-planificacio","category-requisit-linguistic","tag-administracio-local","tag-immigracio"],"_links":{"self":[{"href":"https:\/\/www.cdlpv.org\/dtl\/wp-json\/wp\/v2\/posts\/2417","targetHints":{"allow":["GET"]}}],"collection":[{"href":"https:\/\/www.cdlpv.org\/dtl\/wp-json\/wp\/v2\/posts"}],"about":[{"href":"https:\/\/www.cdlpv.org\/dtl\/wp-json\/wp\/v2\/types\/post"}],"author":[{"embeddable":true,"href":"https:\/\/www.cdlpv.org\/dtl\/wp-json\/wp\/v2\/users\/2"}],"replies":[{"embeddable":true,"href":"https:\/\/www.cdlpv.org\/dtl\/wp-json\/wp\/v2\/comments?post=2417"}],"version-history":[{"count":0,"href":"https:\/\/www.cdlpv.org\/dtl\/wp-json\/wp\/v2\/posts\/2417\/revisions"}],"wp:attachment":[{"href":"https:\/\/www.cdlpv.org\/dtl\/wp-json\/wp\/v2\/media?parent=2417"}],"wp:term":[{"taxonomy":"category","embeddable":true,"href":"https:\/\/www.cdlpv.org\/dtl\/wp-json\/wp\/v2\/categories?post=2417"},{"taxonomy":"post_tag","embeddable":true,"href":"https:\/\/www.cdlpv.org\/dtl\/wp-json\/wp\/v2\/tags?post=2417"}],"curies":[{"name":"wp","href":"https:\/\/api.w.org\/{rel}","templated":true}]}}