{"id":241,"date":"2007-11-28T09:40:47","date_gmt":"2007-11-28T08:40:47","guid":{"rendered":"http:\/\/www.cdlpv.org\/dtl\/?p=241"},"modified":"2007-11-28T09:40:47","modified_gmt":"2007-11-28T08:40:47","slug":"mor-joan-baptista-melia-bisbal","status":"publish","type":"post","link":"https:\/\/www.cdlpv.org\/dtl\/2007\/11\/28\/mor-joan-baptista-melia-bisbal\/","title":{"rendered":"Mor Joan Baptista Meli\u00e0 Bisbal"},"content":{"rendered":"<p><img src='http:\/\/www.cdlpv.org\/dtl\/wp-content\/joanmelia.jpg' alt='Joan Baptista Meli\u00e0 Bisbal' align=\"right\"\/><br \/>\nHem sabut a trav\u00e9s de la llista <a href=\"http:\/\/es.groups.yahoo.com\/group\/migjorn_1\/\" target=\"_blank\">Migjorn<\/a> que ha mort Joan Baptista Meli\u00e0 Bisbal, personatge actiu i engrescador en la difusi\u00f3 del valenci\u00e0.<\/p>\n<p>El missatge que ha enviat Joan Razola \u00e9s el seg\u00fcent:<\/p>\n<blockquote><p>Ahir va morir, als 76 anys, el meu amic Joan Baptista Meli\u00e0 Bisbal, un gran valencianista i defensor de la nostra llengua i la nostra cultura. Jesu\u00efta fundador de les Escoles Professionals Sant Josep de Val\u00e8ncia ha dedicat la seua vida a l&#8217;educaci\u00f3 i ensenyament de milers de xiquets, molts del quals amb el pas dels anys han ocupat i ocupen alts c\u00e0rrecs de la vida pol\u00edtica, cultural i social valenciana.<\/p>\n<p>Va ser fundador del pioner i desaparegut Seminari de Llengua i Cultura del Pa\u00eds Valenci\u00e0 i de la <a href=\"http:\/\/www.joanmelia.cat\/\" target=\"_blank\">fundaci\u00f3<\/a> que porta el seu nom, des de la qual ha continuant lluitant per la nostra cultura i el nostre pa\u00eds i ajudat a la difusi\u00f3 del traductor i corrector de valenci\u00e0 SALT. A m\u00e9s a m\u00e9s, dedic\u00e0 la seua vida a la solidaritat i ajuda a les classes m\u00e9s desfavorides de llatinoamerica, especialment a Bolivia i Ecuador.<\/p>\n<p>Avui a les 10 del mat\u00ed s&#8217;instal\u00b7lar\u00e0 la capella ardent a l&#8217;Esgl\u00e9sia de la Companyia de Jes\u00fas de Val\u00e8ncia (darrere de la Llotja) on s&#8217;oficiar\u00e0 una missa a les 11 del mat\u00ed. Posteriorment ser\u00e0 soterrat al pante\u00f3 dels Jesuites al Cementiri General de Val\u00e8ncia.<\/p>\n<p>Descanse en pau.<\/p>\n<p>Joan Razola<br \/>\n<a href=\"http:\/\/www.onanar.cat\" target=\"_blank\">www.onanar.cat<\/a>\n<\/p><\/blockquote>\n","protected":false},"excerpt":{"rendered":"<p>Hem sabut a trav\u00e9s de la llista Migjorn que ha mort Joan Baptista Meli\u00e0 Bisbal, personatge actiu i engrescador en la difusi\u00f3 del valenci\u00e0. El missatge que ha enviat Joan Razola \u00e9s el seg\u00fcent: Ahir va morir, als 76 anys, el meu amic Joan Baptista Meli\u00e0 Bisbal, un gran valencianista i defensor de la nostra [&hellip;]<\/p>\n","protected":false},"author":2,"featured_media":0,"comment_status":"open","ping_status":"open","sticky":false,"template":"","format":"standard","meta":{"footnotes":""},"categories":[2,10,47,26,27],"tags":[257,433],"class_list":["post-241","post","type-post","status-publish","format-standard","hentry","category-comunicacio","category-formacio","category-planificacio","category-serveis-linguistics","category-sociolinguistica","tag-jesuites","tag-seminari-de-llengua-i-cultura-del-pais-valencia"],"_links":{"self":[{"href":"https:\/\/www.cdlpv.org\/dtl\/wp-json\/wp\/v2\/posts\/241","targetHints":{"allow":["GET"]}}],"collection":[{"href":"https:\/\/www.cdlpv.org\/dtl\/wp-json\/wp\/v2\/posts"}],"about":[{"href":"https:\/\/www.cdlpv.org\/dtl\/wp-json\/wp\/v2\/types\/post"}],"author":[{"embeddable":true,"href":"https:\/\/www.cdlpv.org\/dtl\/wp-json\/wp\/v2\/users\/2"}],"replies":[{"embeddable":true,"href":"https:\/\/www.cdlpv.org\/dtl\/wp-json\/wp\/v2\/comments?post=241"}],"version-history":[{"count":0,"href":"https:\/\/www.cdlpv.org\/dtl\/wp-json\/wp\/v2\/posts\/241\/revisions"}],"wp:attachment":[{"href":"https:\/\/www.cdlpv.org\/dtl\/wp-json\/wp\/v2\/media?parent=241"}],"wp:term":[{"taxonomy":"category","embeddable":true,"href":"https:\/\/www.cdlpv.org\/dtl\/wp-json\/wp\/v2\/categories?post=241"},{"taxonomy":"post_tag","embeddable":true,"href":"https:\/\/www.cdlpv.org\/dtl\/wp-json\/wp\/v2\/tags?post=241"}],"curies":[{"name":"wp","href":"https:\/\/api.w.org\/{rel}","templated":true}]}}