{"id":2403,"date":"2012-02-21T15:21:41","date_gmt":"2012-02-21T13:21:41","guid":{"rendered":"http:\/\/www.cdlpv.org\/dtl\/?p=2403"},"modified":"2012-02-21T15:21:41","modified_gmt":"2012-02-21T13:21:41","slug":"conferencia-sobre-teodor-llorente","status":"publish","type":"post","link":"https:\/\/www.cdlpv.org\/dtl\/2012\/02\/21\/conferencia-sobre-teodor-llorente\/","title":{"rendered":"Confer\u00e8ncia sobre Teodor Llorente"},"content":{"rendered":"<p>L&#8217;Acad\u00e8mia Valenciana de la Llengua ens envia la informaci\u00f3 seg\u00fcent:<\/p>\n<blockquote><p>\nEl president de l\u2019Acad\u00e8mia Valenciana de la Llengua, Ramon Ferrer Navarro, i la secret\u00e0ria de Pol\u00edtica Social i Ling\u00fc\u00edstica de la <span class=\"versaleta\">ugt-pv<\/span>, Pepa Llorca Llinares, els conviden a la confer\u00e8ncia que, amb el t\u00edtol \u00abTeodor Llorente: patriarca de la Renaixen\u00e7a\u00bb, pronunciar\u00e0 l\u2019acad\u00e8mic Josep Llu\u00eds Dom\u00e9nech el pr\u00f2xim dilluns, 27 de febrer, a les 19.00 hores, en la sala d\u2019actes de la U<span class=\"versaleta\">ugt<\/span>, i a la posterior inauguraci\u00f3 de l\u2019exposici\u00f3 dedicada a l\u2019insigne poeta, declarat Escriptor de l\u2019Any 2011 per l\u2019<span class=\"versaleta\">avl<\/span>.<\/p>\n<p>Seu d\u2019<span class=\"versaleta\">ugt<\/span>: Arquitecte Mora, n\u00fam. 7 (Val\u00e8ncia)\n<\/p><\/blockquote>\n","protected":false},"excerpt":{"rendered":"<p>L&#8217;Acad\u00e8mia Valenciana de la Llengua ens envia la informaci\u00f3 seg\u00fcent: El president de l\u2019Acad\u00e8mia Valenciana de la Llengua, Ramon Ferrer Navarro, i la secret\u00e0ria de Pol\u00edtica Social i Ling\u00fc\u00edstica de la ugt-pv, Pepa Llorca Llinares, els conviden a la confer\u00e8ncia que, amb el t\u00edtol \u00abTeodor Llorente: patriarca de la Renaixen\u00e7a\u00bb, pronunciar\u00e0 l\u2019acad\u00e8mic Josep Llu\u00eds Dom\u00e9nech [&hellip;]<\/p>\n","protected":false},"author":2,"featured_media":0,"comment_status":"open","ping_status":"open","sticky":false,"template":"","format":"standard","meta":{"footnotes":""},"categories":[38,1],"tags":[112],"class_list":["post-2403","post","type-post","status-publish","format-standard","hentry","category-avl","category-general","tag-conferencies"],"_links":{"self":[{"href":"https:\/\/www.cdlpv.org\/dtl\/wp-json\/wp\/v2\/posts\/2403","targetHints":{"allow":["GET"]}}],"collection":[{"href":"https:\/\/www.cdlpv.org\/dtl\/wp-json\/wp\/v2\/posts"}],"about":[{"href":"https:\/\/www.cdlpv.org\/dtl\/wp-json\/wp\/v2\/types\/post"}],"author":[{"embeddable":true,"href":"https:\/\/www.cdlpv.org\/dtl\/wp-json\/wp\/v2\/users\/2"}],"replies":[{"embeddable":true,"href":"https:\/\/www.cdlpv.org\/dtl\/wp-json\/wp\/v2\/comments?post=2403"}],"version-history":[{"count":0,"href":"https:\/\/www.cdlpv.org\/dtl\/wp-json\/wp\/v2\/posts\/2403\/revisions"}],"wp:attachment":[{"href":"https:\/\/www.cdlpv.org\/dtl\/wp-json\/wp\/v2\/media?parent=2403"}],"wp:term":[{"taxonomy":"category","embeddable":true,"href":"https:\/\/www.cdlpv.org\/dtl\/wp-json\/wp\/v2\/categories?post=2403"},{"taxonomy":"post_tag","embeddable":true,"href":"https:\/\/www.cdlpv.org\/dtl\/wp-json\/wp\/v2\/tags?post=2403"}],"curies":[{"name":"wp","href":"https:\/\/api.w.org\/{rel}","templated":true}]}}