{"id":2396,"date":"2012-01-30T22:46:18","date_gmt":"2012-01-30T20:46:18","guid":{"rendered":"http:\/\/www.cdlpv.org\/dtl\/?p=2396"},"modified":"2012-01-30T22:46:18","modified_gmt":"2012-01-30T20:46:18","slug":"la-feble-consolidacio-de-la-gestio-linguistica-municipal","status":"publish","type":"post","link":"https:\/\/www.cdlpv.org\/dtl\/2012\/01\/30\/la-feble-consolidacio-de-la-gestio-linguistica-municipal\/","title":{"rendered":"La feble consolidaci\u00f3 de la gesti\u00f3 ling\u00fc\u00edstica municipal"},"content":{"rendered":"<p>Hi ha not\u00edcies relacionades amb els servei ling\u00fc\u00edstics municipals que resulten sorprenents i que s\u00f3n un s\u00edmptoma que l&#8217;administraci\u00f3 encara no ha resolt clarament els seus deures pel que fa a la gesti\u00f3 ling\u00fc\u00edstica:<\/p>\n<blockquote>\n<h2>Meliana elimina la oficina de promoci\u00f3n del valenciano<\/h2>\n<h3>El PP argumenta que la t\u00e9cnico de normalizaci\u00f3n ling\u00fc\u00edstica s\u00f3lo traduc\u00eda las actas de plenos municipales<\/h3>\n[&#8230;]\n<p>\u00abActualmente, cada \u00e1rea del ayuntamiento ya tiene a gente cualificada en el empleo correcto del valenciano\u00bb, afirm\u00f3 Cuesta. \u00abAdem\u00e1s, la t\u00e9cnico no estaba a jornada completa y s\u00f3lo se dedicaba a la traducci\u00f3n al valenciano de las actas de los plenos\u00bb.<\/p>\n<div align=\"right\"><em>Levante,<\/em> <a href=\"http:\/\/www.levante-emv.com\/comarcas\/2011\/12\/13\/meliana-elimina-oficina-promocion-valenciano\/864425.html\" target=\"_blank\">13.12.2011<\/a><\/div>\n<h2>Benet\u00fasser elimina la plaza de t\u00e9cnico ling\u00fc\u00edstico porque la titular trabajaba desde Madrid<\/h2>\n<p>El equipo de gobierno de Benet\u00fasser ha decidido amortizar la plaza de la t\u00e9cnica encargada de la Oficina de Promoci\u00f3 i \u00das del Valenci\u00e0 porque \u00abvive en Madrid y s\u00f3lo trabajaba v\u00eda telem\u00e0tica\u00bb, tal como explicaron ayer fuentes municipales. En su puesto ha situado a una profesora de la Escuela de Personas Adultas, a la que \u00fanicamente abona \u00ablas traducciones que hace\u00bb, sin sujetarla a ning\u00fan tipo de contrato laboral con el consistorio, por lo que su trabajo \u00absale mucho m\u00e1s barato\u00bb.<\/p>\n<div align=\"right\"><em>Levante,<\/em> <a href=\"http:\/\/www.levante-emv.com\/comarcas\/2011\/12\/14\/benetusser-elimina-plaza-tecnico-linguistico-titular-trabajaba-madrid\/864743.html\" target=\"_blank\">14.12.2011<\/a><\/div>\n<\/blockquote>\n<p>D&#8217;una banda, en el cas de Benet\u00fasser, tenim una nova demostraci\u00f3 que el teletreball funciona, tot i que la resta de la not\u00edcia fa entendre que els pol\u00edtics preferixen tindre el personal collat de ben a prop. La q\u00fcesti\u00f3 de l&#8217;economia, en canvi, no crec que la pugam aclarir mai del tot, almenys mentres no s&#8217;establixca la transpar\u00e8ncia en eixe \u00e0mbit. Quant a Meliana, talment com s&#8217;edevenia en <a href=\"http:\/\/www.cdlpv.org\/dtl\/?s=alboraia\" target=\"_blank\">Alboraia<\/a>, el suposat fet que hi haja tant de personal capacitat en valenci\u00e0 en eixe ajuntament mos ha de fer m\u00e9s exigents amb l&#8217;exig\u00e8ncia del compliment dels seus deures ling\u00fc\u00edstics. Esperem que estos casos tinguen m\u00e9s fonament i consist\u00e8ncia que el de <a href=\"http:\/\/www.cdlpv.org\/dtl\/?s=D%C3%A9nia\" target=\"_blank\">D\u00e9nia<\/a>.<\/p>\n","protected":false},"excerpt":{"rendered":"<p>Hi ha not\u00edcies relacionades amb els servei ling\u00fc\u00edstics municipals que resulten sorprenents i que s\u00f3n un s\u00edmptoma que l&#8217;administraci\u00f3 encara no ha resolt clarament els seus deures pel que fa a la gesti\u00f3 ling\u00fc\u00edstica: Meliana elimina la oficina de promoci\u00f3n del valenciano El PP argumenta que la t\u00e9cnico de normalizaci\u00f3n ling\u00fc\u00edstica s\u00f3lo traduc\u00eda las actas [&hellip;]<\/p>\n","protected":false},"author":2,"featured_media":0,"comment_status":"open","ping_status":"open","sticky":false,"template":"","format":"standard","meta":{"footnotes":""},"categories":[36,1,15,24,26],"tags":[50],"class_list":["post-2396","post","type-post","status-publish","format-standard","hentry","category-allofobia","category-general","category-laboral","category-requisit-linguistic","category-serveis-linguistics","tag-administracio-local"],"_links":{"self":[{"href":"https:\/\/www.cdlpv.org\/dtl\/wp-json\/wp\/v2\/posts\/2396","targetHints":{"allow":["GET"]}}],"collection":[{"href":"https:\/\/www.cdlpv.org\/dtl\/wp-json\/wp\/v2\/posts"}],"about":[{"href":"https:\/\/www.cdlpv.org\/dtl\/wp-json\/wp\/v2\/types\/post"}],"author":[{"embeddable":true,"href":"https:\/\/www.cdlpv.org\/dtl\/wp-json\/wp\/v2\/users\/2"}],"replies":[{"embeddable":true,"href":"https:\/\/www.cdlpv.org\/dtl\/wp-json\/wp\/v2\/comments?post=2396"}],"version-history":[{"count":0,"href":"https:\/\/www.cdlpv.org\/dtl\/wp-json\/wp\/v2\/posts\/2396\/revisions"}],"wp:attachment":[{"href":"https:\/\/www.cdlpv.org\/dtl\/wp-json\/wp\/v2\/media?parent=2396"}],"wp:term":[{"taxonomy":"category","embeddable":true,"href":"https:\/\/www.cdlpv.org\/dtl\/wp-json\/wp\/v2\/categories?post=2396"},{"taxonomy":"post_tag","embeddable":true,"href":"https:\/\/www.cdlpv.org\/dtl\/wp-json\/wp\/v2\/tags?post=2396"}],"curies":[{"name":"wp","href":"https:\/\/api.w.org\/{rel}","templated":true}]}}