{"id":2392,"date":"2012-01-18T19:53:39","date_gmt":"2012-01-18T17:53:39","guid":{"rendered":"http:\/\/www.cdlpv.org\/dtl\/?p=2392"},"modified":"2012-01-18T19:53:39","modified_gmt":"2012-01-18T17:53:39","slug":"lanormalitzacio-a-denia-acomiaden-el-tecnic-linguistic","status":"publish","type":"post","link":"https:\/\/www.cdlpv.org\/dtl\/2012\/01\/18\/lanormalitzacio-a-denia-acomiaden-el-tecnic-linguistic\/","title":{"rendered":"L&#8217;anormalitzaci\u00f3 a D\u00e9nia: acomiaden el t\u00e8cnic ling\u00fc\u00edstic"},"content":{"rendered":"<p>El t\u00e8cnic ling\u00fc\u00edstic de l&#8217;ajuntament de D\u00e9nia &mdash;en situaci\u00f3 prec\u00e0ria d&#8217;interinitat&mdash; ha estat acomiadat per l&#8217;alcaldessa Ana Kringe. Segons informa Alfon Padilla en el diari <em>Levante<\/em> <a href=\"http:\/\/www.levante-emv.com\/comarcas\/2012\/01\/18\/alcaldesa-denia-echa-tecnico-municipal-alerto-usaba-valenciano\/873480.html\" target=\"_blank\">(18.01.2012)<\/a>:<\/p>\n<blockquote>\n<h2>La alcaldesa de D\u00e9nia echa al t\u00e9cnico municipal que alert\u00f3 de que no se usaba el valenciano<\/h2>\n<h3>Ana Kringe, del PP, descabeza la oficina de promoci\u00f3n ling\u00fc\u00edstica al suspender de empleo y sueldo durante quince meses a su responsable<\/h3>\n<p>El Ayuntamiento de D\u00e9nia se ha quedado sin t\u00e9cnico superior de Normalitzaci\u00f3 Ling\u00fc\u00edstica. Adem\u00e1s, su Oficina de Promoci\u00f3 del Valenci\u00e0 est\u00e1 desde hoy descabezada. La alcaldesa, Ana Kringe, del PP, ha suspendido de empleo y sueldo durante 15 meses al citado t\u00e9cnico, Josep Andr\u00e9s Torres. Este trabajador recibi\u00f3 ayer la \u00faltima resoluci\u00f3n de la alcaldesa. Le deniega la solicitud de suspensi\u00f3n temporal de la sanci\u00f3n y le comunica que hoy ya no acuda al ayuntamiento. Ese castigo de 15 meses sin empleo ni retribuciones supone mucho m\u00e1s. \u00abLa separaci\u00f3n de funciones para un funcionario interino comparta la p\u00e9rdida de su puesto de trabajo\u00bb, indica la resoluci\u00f3n. Por tanto, es un despido.<\/p>\n[&#8230;]\n<p>En sus alegaciones, este trabajador municipal ha inferido del expediente y de la \u00abdesproporcionada\u00bb propuesta de sanci\u00f3n que se estaban tomando represalias contra \u00e9l.<br \/>\nLos otros tres meses de suspensi\u00f3n de empleo y sueldo son por \u00abdesconsideraci\u00f3n\u00bb a un superior jer\u00e1rquico. El t\u00e9cnico reproch\u00f3 en un correo electr\u00f3nico a la jefa de gabinete de alcald\u00eda que \u00abrecurriera a mentiras\u00bb Ahora se le sanciona no porque pudiera llamar mentiroso a un compa\u00f1ero, sino porque \u00abel destinatario de las manifestaciones\u00bb es su superior, es decir, \u00abla persona que gestiona y coordina la Oficina de Promoci\u00f3 del Valenci\u00e0\u00bb.<\/p>\n<p>El castigo al t\u00e9cnico superior de Normalitzaci\u00f3 Ling\u00fc\u00edstica implica desmantelar la oficina del valenciano. Su responsable est\u00e1 a todos los efectos despedido. Ahora un auxiliar administrativo se har\u00e1 cargo. Este desenlace dar\u00eda para hacer otro informe sobre el inter\u00e9s que demuestra el gobierno local (PP y Centre Unificat) por promover el valenciano.\n<\/p><\/blockquote>\n<p>Per sort, els t\u00e8cnics ling\u00fc\u00edstics estem aprenent a fer servir els procediments judicials i esperem que el company de D\u00e9nia tinga m\u00e9s \u00e8xit en els tribunals que la que li ha oferit la pr\u00e0ctica \u00e8tica i pol\u00edtica dels dirigents de l&#8217;ajuntament de D\u00e9nia.<\/p>\n","protected":false},"excerpt":{"rendered":"<p>El t\u00e8cnic ling\u00fc\u00edstic de l&#8217;ajuntament de D\u00e9nia &mdash;en situaci\u00f3 prec\u00e0ria d&#8217;interinitat&mdash; ha estat acomiadat per l&#8217;alcaldessa Ana Kringe. Segons informa Alfon Padilla en el diari Levante (18.01.2012): La alcaldesa de D\u00e9nia echa al t\u00e9cnico municipal que alert\u00f3 de que no se usaba el valenciano Ana Kringe, del PP, descabeza la oficina de promoci\u00f3n ling\u00fc\u00edstica al [&hellip;]<\/p>\n","protected":false},"author":2,"featured_media":0,"comment_status":"open","ping_status":"open","sticky":false,"template":"","format":"standard","meta":{"footnotes":""},"categories":[36,4,1,15,25,26],"tags":[50,140],"class_list":["post-2392","post","type-post","status-publish","format-standard","hentry","category-allofobia","category-dret","category-general","category-laboral","category-retolacio","category-serveis-linguistics","tag-administracio-local","tag-denia"],"_links":{"self":[{"href":"https:\/\/www.cdlpv.org\/dtl\/wp-json\/wp\/v2\/posts\/2392","targetHints":{"allow":["GET"]}}],"collection":[{"href":"https:\/\/www.cdlpv.org\/dtl\/wp-json\/wp\/v2\/posts"}],"about":[{"href":"https:\/\/www.cdlpv.org\/dtl\/wp-json\/wp\/v2\/types\/post"}],"author":[{"embeddable":true,"href":"https:\/\/www.cdlpv.org\/dtl\/wp-json\/wp\/v2\/users\/2"}],"replies":[{"embeddable":true,"href":"https:\/\/www.cdlpv.org\/dtl\/wp-json\/wp\/v2\/comments?post=2392"}],"version-history":[{"count":0,"href":"https:\/\/www.cdlpv.org\/dtl\/wp-json\/wp\/v2\/posts\/2392\/revisions"}],"wp:attachment":[{"href":"https:\/\/www.cdlpv.org\/dtl\/wp-json\/wp\/v2\/media?parent=2392"}],"wp:term":[{"taxonomy":"category","embeddable":true,"href":"https:\/\/www.cdlpv.org\/dtl\/wp-json\/wp\/v2\/categories?post=2392"},{"taxonomy":"post_tag","embeddable":true,"href":"https:\/\/www.cdlpv.org\/dtl\/wp-json\/wp\/v2\/tags?post=2392"}],"curies":[{"name":"wp","href":"https:\/\/api.w.org\/{rel}","templated":true}]}}