{"id":239,"date":"2007-11-27T09:15:20","date_gmt":"2007-11-27T08:15:20","guid":{"rendered":"http:\/\/www.cdlpv.org\/dtl\/?p=239"},"modified":"2007-11-27T09:15:20","modified_gmt":"2007-11-27T08:15:20","slug":"contra-laillament-cultural-informatiu-i-comunicatiu-del-pais-valencia","status":"publish","type":"post","link":"https:\/\/www.cdlpv.org\/dtl\/2007\/11\/27\/contra-laillament-cultural-informatiu-i-comunicatiu-del-pais-valencia\/","title":{"rendered":"Contra l&#8217;a\u00efllament cultural, informatiu i comunicatiu del Pa\u00eds Valenci\u00e0"},"content":{"rendered":"<p>Segons la not\u00edcia d&#8217;ahir del diari <em>Avui<\/em> <a href=\"http:\/\/www.avui.cat\/cultura_comunicacio\/detail.php?id=13631\" target=\"_blank\">(26.11.2007)<\/a>:<\/p>\n<blockquote>\n<h2>ACPV est\u00e0 a l&#8217;espera d&#8217;un comunicat del govern valenci\u00e0 de tancament del repetidor de TV3 a Alacant per mobilitzar la seva gent<\/h2>\n<h3>Acci\u00f3 Cultural del Pa\u00eds Valenci\u00e0 (ACPV) est\u00e0 esperant que el govern valenci\u00e0 els comuniqui el dia i hora en qu\u00e8 t\u00e9 previst anar a tancar el repetidor que possibilita les emissions de TV3 &#8211; i els seus altres quatre canals, Catalunya R\u00e0dio i IcatFM &#8211; a Alacant situat a la serra de la Carrasqueta per tal de mobilitzar la seva gent i intentar impedir-ho<\/h3>\n<\/blockquote>\n<p>En eixe sentit, ACPV ha enviat un missatge en qu\u00e8 convida a la mobilitzaci\u00f3 de les persones interessades en el manteniment d&#8217;un espai cultural, informatiu i comunicatiu obert per al Pa\u00eds Valenci\u00e0:<\/p>\n<blockquote><p>\n<img src='http:\/\/www.cdlpv.org\/dtl\/wp-content\/carrasqueta.jpg' alt='Carrasqueta' align=\"right\"\/><br \/>\nTANCAMENT IMMINENT DEL REPETIDOR DE TV3 D&#8217;ACPV<br \/>\nSITUAT A LA SERRA CARRASQUETA (XIXONA- ALACANT)<\/p>\n<p>ESTIGAU ALERTA!!!!<\/p>\n<p>ES POT PRODUIR AQUESTA SETMANA<\/p>\n<p>EIXIRAN AUTOBUSOS DES DE:<\/p>\n<p>ALACANT: 96 520 56 67<br \/>\nALCOI: 96 552 01 48<br \/>\nELX: 96 542 09 31<br \/>\nGANDIA: 96 295 12 22<br \/>\nVAL\u00c8NCIA: 96 391 83 86<br \/>\nCASTELL\u00d3: 96 424 29 47<br \/>\nVILA-REAL: 96 453 72 42<\/p>\n<p>PER RESERVAR LA VOSTRA PLA\u00c7A:<br \/>\nPodeu posar-vos en contacte als tel\u00e8fons dalt indicats o b\u00e9 a:<br \/>\n<a href=\"mailto:campanyatv3@acpv.cat\">campanyatv3@acpv.cat<\/a> 963918386 (pregunteu per Irina)\n<\/p><\/blockquote>\n<p>Cal dir que semblen convidar a eixa mobilitzaci\u00f3 contra els actes del govern valenci\u00e0 de Francisco Camps Ortiz les mateixes paraules de Francisco Camps Ortiz <a href=\"http:\/\/actualidad.terra.es\/sociedad\/articulo\/camps_defiende_periodismo_herramienta_construir_1151611.htm\" target=\"_blank\">(19.10.2006)<\/a>:<\/p>\n<blockquote><p>\nNo entendr\u00edem la pres\u00e8ncia de societats lliures i democr\u00e0tiques cada vegada en m\u00e9s llocs en el m\u00f3n sense la constant participaci\u00f3, vocaci\u00f3 i influ\u00e8ncia del periodisme per a aconseguir m\u00e9s obertura, menys censura, m\u00e9s opini\u00f3 i m\u00e9s aposta per projectes col\u00b7lectius de llibertat i igualtat d&#8217;oportunitats.\n<\/p><\/blockquote>\n","protected":false},"excerpt":{"rendered":"<p>Segons la not\u00edcia d&#8217;ahir del diari Avui (26.11.2007): ACPV est\u00e0 a l&#8217;espera d&#8217;un comunicat del govern valenci\u00e0 de tancament del repetidor de TV3 a Alacant per mobilitzar la seva gent Acci\u00f3 Cultural del Pa\u00eds Valenci\u00e0 (ACPV) est\u00e0 esperant que el govern valenci\u00e0 els comuniqui el dia i hora en qu\u00e8 t\u00e9 previst anar a tancar [&hellip;]<\/p>\n","protected":false},"author":2,"featured_media":0,"comment_status":"open","ping_status":"open","sticky":false,"template":"","format":"standard","meta":{"footnotes":""},"categories":[2,1,19,27,34],"tags":[48,89,409,487],"class_list":["post-239","post","type-post","status-publish","format-standard","hentry","category-comunicacio","category-general","category-politica","category-sociolinguistica","category-tv3","tag-acpv","tag-carrasqueta","tag-repetidors","tag-tv3"],"_links":{"self":[{"href":"https:\/\/www.cdlpv.org\/dtl\/wp-json\/wp\/v2\/posts\/239","targetHints":{"allow":["GET"]}}],"collection":[{"href":"https:\/\/www.cdlpv.org\/dtl\/wp-json\/wp\/v2\/posts"}],"about":[{"href":"https:\/\/www.cdlpv.org\/dtl\/wp-json\/wp\/v2\/types\/post"}],"author":[{"embeddable":true,"href":"https:\/\/www.cdlpv.org\/dtl\/wp-json\/wp\/v2\/users\/2"}],"replies":[{"embeddable":true,"href":"https:\/\/www.cdlpv.org\/dtl\/wp-json\/wp\/v2\/comments?post=239"}],"version-history":[{"count":0,"href":"https:\/\/www.cdlpv.org\/dtl\/wp-json\/wp\/v2\/posts\/239\/revisions"}],"wp:attachment":[{"href":"https:\/\/www.cdlpv.org\/dtl\/wp-json\/wp\/v2\/media?parent=239"}],"wp:term":[{"taxonomy":"category","embeddable":true,"href":"https:\/\/www.cdlpv.org\/dtl\/wp-json\/wp\/v2\/categories?post=239"},{"taxonomy":"post_tag","embeddable":true,"href":"https:\/\/www.cdlpv.org\/dtl\/wp-json\/wp\/v2\/tags?post=239"}],"curies":[{"name":"wp","href":"https:\/\/api.w.org\/{rel}","templated":true}]}}