{"id":2384,"date":"2011-12-26T20:42:40","date_gmt":"2011-12-26T18:42:40","guid":{"rendered":"http:\/\/www.cdlpv.org\/dtl\/?p=2384"},"modified":"2011-12-26T20:42:40","modified_gmt":"2011-12-26T18:42:40","slug":"lavl-i-el-sindic-de-greuges-arriben-a-un-acord","status":"publish","type":"post","link":"https:\/\/www.cdlpv.org\/dtl\/2011\/12\/26\/lavl-i-el-sindic-de-greuges-arriben-a-un-acord\/","title":{"rendered":"L&#8217;AVL i el s\u00edndic de greuges arriben a un acord"},"content":{"rendered":"<p>Segons informa l&#8217;<span class=\"versaleta\">avl<\/span> en el seu \u00faltim <a href=\"http:\/\/www.avl.gva.es\/va\/\/gabinet-de-comunicacio\/butlleti\" target=\"_blank\">butllet\u00ed<\/a>:<\/p>\n<blockquote><p>\nL\u2019Acad\u00e8mia Valenciana de la Llengua <span class=\"versaleta\">(avl)<\/span> i el S\u00edndic de Greuges de la Comunitat Valenciana han acordat hui iniciar l\u2019elaboraci\u00f3 d\u2019un conveni de col\u00b7laboraci\u00f3 institucional en aquelles q\u00fcestions relacionades amb la llengua i que afecten milers de ciutadans valencians.<br \/>\nL\u2019acord s\u2019ha materialitzat hui [el butllet\u00ed no t\u00e9 data] coincidint amb l\u2019entrevista que el president de l&#8217;<span class=\"versaleta\">avl<\/span>, Ramon Ferrer, acompanyat per la secret\u00e0ria, Ver\u00f2nica Cant\u00f3, ha mantingut amb el S\u00edndic de Greuges, Jos\u00e9 Cholvi, a Alacant, dins dels contactes que el nou titular de l\u2019Acad\u00e8mia ha iniciat amb els hom\u00f2legs d\u2019altres organismes i entitats culturals.<br \/>\nAl llarg del 2010, el S\u00edndic de Greuges ha rebut m\u00e9s de dos mil queixes relacionades amb la discriminaci\u00f3 del valenci\u00e0 en les p\u00e0gines web institucionals, escrites nom\u00e9s en castell\u00e0, en la retolaci\u00f3 dels servicis p\u00fablics en impresos i models oficials, o per no respectar el dret dels ciutadans a expressar-se en valenci\u00e0, segons \u00faltim informe.<br \/>\nEl conveni de col\u00b7laboraci\u00f3 podria ser una realitat a principis de l\u2019any que ve, i l\u2019Acad\u00e8mia Valenciana de la Llengua aportaria el seu assessorament en mat\u00e8ria ling\u00fc\u00edstica i en aquelles mat\u00e8ries que son pr\u00f2pies de la seua compet\u00e8ncia. Les dos parts s\u2019han mostrat a favor de propiciar una l\u00ednea <em>[sic]<\/em> de treball que permeta reduir el nombre de queixes i facilitar l\u2019\u00fas oficial i social del valenci\u00e0 en tots els \u00e0mbits.\n<\/p><\/blockquote>\n<p>Esperem que la not\u00edcia d&#8217;un acord que t\u00e9 tantes \u00abpossibilitats\u00bb es concrete en fets concrets i positius per als usuaris del valenci\u00e0 que tant es queixen que no els el deixen usar. I que eixa <em>l\u00ednea<\/em> esdevinga una bona <em>l\u00ednia<\/em> d&#8217;actuaci\u00f3.<\/p>\n","protected":false},"excerpt":{"rendered":"<p>Segons informa l&#8217;avl en el seu \u00faltim butllet\u00ed: L\u2019Acad\u00e8mia Valenciana de la Llengua (avl) i el S\u00edndic de Greuges de la Comunitat Valenciana han acordat hui iniciar l\u2019elaboraci\u00f3 d\u2019un conveni de col\u00b7laboraci\u00f3 institucional en aquelles q\u00fcestions relacionades amb la llengua i que afecten milers de ciutadans valencians. L\u2019acord s\u2019ha materialitzat hui [el butllet\u00ed no t\u00e9 [&hellip;]<\/p>\n","protected":false},"author":2,"featured_media":0,"comment_status":"open","ping_status":"open","sticky":false,"template":"","format":"standard","meta":{"footnotes":""},"categories":[38,2,1,47],"tags":[440],"class_list":["post-2384","post","type-post","status-publish","format-standard","hentry","category-avl","category-comunicacio","category-general","category-planificacio","tag-sindic-de-greuges"],"_links":{"self":[{"href":"https:\/\/www.cdlpv.org\/dtl\/wp-json\/wp\/v2\/posts\/2384","targetHints":{"allow":["GET"]}}],"collection":[{"href":"https:\/\/www.cdlpv.org\/dtl\/wp-json\/wp\/v2\/posts"}],"about":[{"href":"https:\/\/www.cdlpv.org\/dtl\/wp-json\/wp\/v2\/types\/post"}],"author":[{"embeddable":true,"href":"https:\/\/www.cdlpv.org\/dtl\/wp-json\/wp\/v2\/users\/2"}],"replies":[{"embeddable":true,"href":"https:\/\/www.cdlpv.org\/dtl\/wp-json\/wp\/v2\/comments?post=2384"}],"version-history":[{"count":0,"href":"https:\/\/www.cdlpv.org\/dtl\/wp-json\/wp\/v2\/posts\/2384\/revisions"}],"wp:attachment":[{"href":"https:\/\/www.cdlpv.org\/dtl\/wp-json\/wp\/v2\/media?parent=2384"}],"wp:term":[{"taxonomy":"category","embeddable":true,"href":"https:\/\/www.cdlpv.org\/dtl\/wp-json\/wp\/v2\/categories?post=2384"},{"taxonomy":"post_tag","embeddable":true,"href":"https:\/\/www.cdlpv.org\/dtl\/wp-json\/wp\/v2\/tags?post=2384"}],"curies":[{"name":"wp","href":"https:\/\/api.w.org\/{rel}","templated":true}]}}