{"id":2381,"date":"2011-12-20T23:27:32","date_gmt":"2011-12-20T21:27:32","guid":{"rendered":"http:\/\/www.cdlpv.org\/dtl\/?p=2381"},"modified":"2011-12-20T23:27:32","modified_gmt":"2011-12-20T21:27:32","slug":"seleccio-de-professorat-de-catala-per-a-xile","status":"publish","type":"post","link":"https:\/\/www.cdlpv.org\/dtl\/2011\/12\/20\/seleccio-de-professorat-de-catala-per-a-xile\/","title":{"rendered":"Selecci\u00f3 de professorat de catal\u00e0 per a Xile"},"content":{"rendered":"<p>Marta Torres Vilatarsana ens envia la informaci\u00f3 seg\u00fcent:<\/p>\n<blockquote>\n<h2>Selecci\u00f3 de professorat de catal\u00e0 a l\u2019exterior 2011 \u2013 Universitat de Xile i Pontif\u00edcia Universitat Cat\u00f2lica de Xile<\/h2>\n<p>A partir del 21 de desembre s\u2019inicia el termini de presentaci\u00f3 de sol\u00b7licituds per a la convocat\u00f2ria de selecci\u00f3 d\u2019un docent de catal\u00e0 a la Universitat de Xile i a la Pontif\u00edcia Universitat de Xile per al curs 2012 organitzada per l\u2019Institut Ramon Llull. Amb aquesta convocat\u00f2ria s\u2019inicia el proc\u00e9s de selecci\u00f3 del futur docent de catal\u00e0 a les dues universitats esmentades.<\/p>\n<p>El termini de presentaci\u00f3 de sol\u00b7licituds \u00e9s del 21 de desembre de 2011 al 4 de gener de 2012.<\/p>\n<p>Caldr\u00e0 que les persones aspirants emplenin el formulari en l\u00ednia disponible al web de l\u2019Institut Ramon Llull <em>(<a href=\"http:\/\/www.llull.cat\/_cat\/_convocatories\/lectors_formularis.shtml\" target=\"_blank\">http:\/\/www.llull.cat\/_cat\/_convocatories\/lectors_formularis.shtml<\/a>),<\/em> on hi ha tamb\u00e9 les bases de la convocat\u00f2ria, i adjuntin la documentaci\u00f3 requerida.<\/p>\n<p>Font: \u00c0rea de Llengua i Universitats<br \/>\nInstitut Ramon Llull\n<\/p><\/blockquote>\n","protected":false},"excerpt":{"rendered":"<p>Marta Torres Vilatarsana ens envia la informaci\u00f3 seg\u00fcent: Selecci\u00f3 de professorat de catal\u00e0 a l\u2019exterior 2011 \u2013 Universitat de Xile i Pontif\u00edcia Universitat Cat\u00f2lica de Xile A partir del 21 de desembre s\u2019inicia el termini de presentaci\u00f3 de sol\u00b7licituds per a la convocat\u00f2ria de selecci\u00f3 d\u2019un docent de catal\u00e0 a la Universitat de Xile i [&hellip;]<\/p>\n","protected":false},"author":2,"featured_media":0,"comment_status":"open","ping_status":"open","sticky":false,"template":"","format":"standard","meta":{"footnotes":""},"categories":[43,1,15],"tags":[500],"class_list":["post-2381","post","type-post","status-publish","format-standard","hentry","category-concursos","category-general","category-laboral","tag-universitats"],"_links":{"self":[{"href":"https:\/\/www.cdlpv.org\/dtl\/wp-json\/wp\/v2\/posts\/2381","targetHints":{"allow":["GET"]}}],"collection":[{"href":"https:\/\/www.cdlpv.org\/dtl\/wp-json\/wp\/v2\/posts"}],"about":[{"href":"https:\/\/www.cdlpv.org\/dtl\/wp-json\/wp\/v2\/types\/post"}],"author":[{"embeddable":true,"href":"https:\/\/www.cdlpv.org\/dtl\/wp-json\/wp\/v2\/users\/2"}],"replies":[{"embeddable":true,"href":"https:\/\/www.cdlpv.org\/dtl\/wp-json\/wp\/v2\/comments?post=2381"}],"version-history":[{"count":0,"href":"https:\/\/www.cdlpv.org\/dtl\/wp-json\/wp\/v2\/posts\/2381\/revisions"}],"wp:attachment":[{"href":"https:\/\/www.cdlpv.org\/dtl\/wp-json\/wp\/v2\/media?parent=2381"}],"wp:term":[{"taxonomy":"category","embeddable":true,"href":"https:\/\/www.cdlpv.org\/dtl\/wp-json\/wp\/v2\/categories?post=2381"},{"taxonomy":"post_tag","embeddable":true,"href":"https:\/\/www.cdlpv.org\/dtl\/wp-json\/wp\/v2\/tags?post=2381"}],"curies":[{"name":"wp","href":"https:\/\/api.w.org\/{rel}","templated":true}]}}