{"id":2378,"date":"2011-11-28T21:37:14","date_gmt":"2011-11-28T19:37:14","guid":{"rendered":"http:\/\/www.cdlpv.org\/dtl\/?p=2378"},"modified":"2011-11-28T21:37:14","modified_gmt":"2011-11-28T19:37:14","slug":"la-nova-presidencia-de-lavl","status":"publish","type":"post","link":"https:\/\/www.cdlpv.org\/dtl\/2011\/11\/28\/la-nova-presidencia-de-lavl\/","title":{"rendered":"La nova presid\u00e8ncia de l&#8217;AVL"},"content":{"rendered":"<p>Amb un poc de retard ens fem ress\u00f2 dels resultats electorals en l&#8217;Acad\u00e8mia Valenciana de la Llengua. Segons la mateixa <span class=\"versaleta\">avl<\/span> <a href=\"http:\/\/www.avl.gva.es\/va\/gabinet-de-comunicacio\/notes-de-premsa\/Ramon-Ferrer--nou-president-de-l-Acad-mia-Valenciana-de-la-Llengua0\" target=\"_blank\">(18.11.2011)<\/a>:<\/p>\n<blockquote><p>\nRamon Ferrer ha rebut el vot de dotze dels vint membres, mentres que l\u2019altre candidat a la presid\u00e8ncia, Manuel P\u00e9rez Saldanya, n\u2019ha obtingut cinc. Els tres acad\u00e8mics restants han votat en blanc. L\u2019abra\u00e7ada entre els dos candidats en acabar la votaci\u00f3 ha reflectit l\u2019ambient de cordialitat que ha imperat al llarg de la campanya electoral dins de l\u2019<span class=\"versaleta\">avl<\/span>. \u00abDespr\u00e9s de deu anys, ac\u00ed no hi ha difer\u00e8ncies i esta realitat cal traslladar-la a la societat perqu\u00e8 ens conega millor\u00bb, ha expressat el nou president.<\/p>\n<p>Igual com en l\u2019elecci\u00f3 de Ramon Ferrer, nom\u00e9s ha sigut necess\u00e0ria una votaci\u00f3 per a elegir el c\u00e0rrec de vicepresident. Josep Palomero, amb onze vots, ha superat la candidatura d\u2019Antoni Ferrando, que tamb\u00e9 aspirava a la Vicepresid\u00e8ncia. M\u00e9s clara la sigut l\u2019elecci\u00f3 de Ver\u00f2nica Cant\u00f3, que, amb catorze vots, revalida la seua continu\u00eftat en el c\u00e0rrec de secret\u00e0ria de la instituci\u00f3 normativa. Les dos vocalies que completen la Junta de Govern de l\u2019<span class=\"versaleta\">avl<\/span> seran ocupades pels acad\u00e8mics Emili Casanova i Josep Llu\u00eds Dom\u00e9nech.\n<\/p><\/blockquote>\n","protected":false},"excerpt":{"rendered":"<p>Amb un poc de retard ens fem ress\u00f2 dels resultats electorals en l&#8217;Acad\u00e8mia Valenciana de la Llengua. Segons la mateixa avl (18.11.2011): Ramon Ferrer ha rebut el vot de dotze dels vint membres, mentres que l\u2019altre candidat a la presid\u00e8ncia, Manuel P\u00e9rez Saldanya, n\u2019ha obtingut cinc. Els tres acad\u00e8mics restants han votat en blanc. L\u2019abra\u00e7ada [&hellip;]<\/p>\n","protected":false},"author":2,"featured_media":0,"comment_status":"open","ping_status":"open","sticky":false,"template":"","format":"standard","meta":{"footnotes":""},"categories":[38,1],"tags":[168],"class_list":["post-2378","post","type-post","status-publish","format-standard","hentry","category-avl","category-general","tag-eleccions"],"_links":{"self":[{"href":"https:\/\/www.cdlpv.org\/dtl\/wp-json\/wp\/v2\/posts\/2378","targetHints":{"allow":["GET"]}}],"collection":[{"href":"https:\/\/www.cdlpv.org\/dtl\/wp-json\/wp\/v2\/posts"}],"about":[{"href":"https:\/\/www.cdlpv.org\/dtl\/wp-json\/wp\/v2\/types\/post"}],"author":[{"embeddable":true,"href":"https:\/\/www.cdlpv.org\/dtl\/wp-json\/wp\/v2\/users\/2"}],"replies":[{"embeddable":true,"href":"https:\/\/www.cdlpv.org\/dtl\/wp-json\/wp\/v2\/comments?post=2378"}],"version-history":[{"count":0,"href":"https:\/\/www.cdlpv.org\/dtl\/wp-json\/wp\/v2\/posts\/2378\/revisions"}],"wp:attachment":[{"href":"https:\/\/www.cdlpv.org\/dtl\/wp-json\/wp\/v2\/media?parent=2378"}],"wp:term":[{"taxonomy":"category","embeddable":true,"href":"https:\/\/www.cdlpv.org\/dtl\/wp-json\/wp\/v2\/categories?post=2378"},{"taxonomy":"post_tag","embeddable":true,"href":"https:\/\/www.cdlpv.org\/dtl\/wp-json\/wp\/v2\/tags?post=2378"}],"curies":[{"name":"wp","href":"https:\/\/api.w.org\/{rel}","templated":true}]}}