{"id":2376,"date":"2011-11-21T23:23:25","date_gmt":"2011-11-21T21:23:25","guid":{"rendered":"http:\/\/www.cdlpv.org\/dtl\/?p=2376"},"modified":"2011-11-21T23:23:25","modified_gmt":"2011-11-21T21:23:25","slug":"la-nova-gestio-linguistica-en-la-generalitat-valenciana","status":"publish","type":"post","link":"https:\/\/www.cdlpv.org\/dtl\/2011\/11\/21\/la-nova-gestio-linguistica-en-la-generalitat-valenciana\/","title":{"rendered":"La nova gesti\u00f3 ling\u00fc\u00edstica en la Generalitat valenciana"},"content":{"rendered":"<p>El diari <em>El Pa\u00eds<\/em> (<a href=\"http:\/\/www.elpais.com\/articulo\/Comunidad\/Valenciana\/Consell\/prescinde\/traductores\/consejerias\/elpepuespval\/20111117elpval_12\/Tes\" target=\"_blank\">17.11.2001<\/a>) es fa ress\u00f2 dels moviments org\u00e0nics en la Generalitat que poden afectar la tasca professional dels t\u00e8cnics i t\u00e8cniques ling\u00fc\u00edstics de l&#8217;administraci\u00f3 valenciana:<\/p>\n<blockquote>\n<h2>El Consell prescinde de traductores en las consejer\u00edas<\/h2>\n<h3>F. S. &#8211; Valencia &#8211; 17\/11\/2011<\/h3>\n<p>El Consell ha eliminado la figura de los traductores en las consejer\u00edas, un colectivo formado por 71 \u00abt\u00e9cnicos medios de Promoci\u00f3n Ling\u00fc\u00edstica de la Comunidad Valenciana\u00bb que se encargaban &mdash;desde la aprobaci\u00f3n, hace 25 a\u00f1os, de la Llei d&#8217;\u00das i Ensenyament del Valenci\u00e0&mdash; tanto de la traducci\u00f3n de textos como de la promoci\u00f3n del uso de la lengua propia en los distintos departamentos. A partir de ahora, todos estos funcionarios pasar\u00e1n a desempe\u00f1ar sus funciones en la Consejer\u00eda de Turismo, Cultura y Deporte, en la que ya trabajaban 25 de ellos.\n<\/p><\/blockquote>\n<p>I el dia <a href=\"http:\/\/www.elpais.com\/articulo\/Comunidad\/Valenciana\/medievalista\/cuota\/PP\/preside\/Academia\/Llengua\/elpepiespval\/20111119elpval_17\/Tes\" target=\"_blank\">19.11.2011<\/a> amplia el comentari sobre la situaci\u00f3, que coincidix amb les eleccions en l&#8217;Acad\u00e8mia Valenciana de la Llengua:<\/p>\n<blockquote>\n<h2>La Generalitat, a contracorriente<\/h2>\n<p>El nuevo presidente de la Acad\u00e8mia Valenciana de la Llengua (AVL), Ram\u00f3n Ferrer, elegido ayer, explic\u00f3 que en su relaci\u00f3n con la Generalitat la instituci\u00f3n buscar\u00e1, \u00abdesde su independencia como Acad\u00e8mia, una colaboraci\u00f3n en todo lo que mejore la pol\u00edtica ling\u00fc\u00edstica\u00bb. Y no desvel\u00f3 mucho m\u00e1s de su programa futuro. Pero parece que la AVL seguir\u00e1 pugnando con un Consell que a veces parece que va a contracorriente en el tema de la lengua. Ayer mismo, la Coordinadora de Dinamitzaci\u00f3 Ling\u00fc\u00edstica del Pa\u00eds Valenci\u00e0, que aglutina a t\u00e9cnicos de promoci\u00f3n ling\u00fc\u00edstica de la Generalitat, unos 71 funcionarios que trabajaban en las distintas consejer\u00edas y ahora han sido reubicados en la de Cultura, envi\u00f3 un texto a la AVL en el que critica la pol\u00edtica de la Generalitat, que ha \u00abdestruido la red de promoci\u00f3n en las consejer\u00edas\u00bb y cercena su trabajo como traductores.\n<\/p><\/blockquote>\n<p>Sembla que la nova gesti\u00f3 ling\u00fc\u00edstica en la Generalitat valenciana volen que depenga del resultat de passar els texts pel traductor autom\u00e0tic Salt.<\/p>\n","protected":false},"excerpt":{"rendered":"<p>El diari El Pa\u00eds (17.11.2001) es fa ress\u00f2 dels moviments org\u00e0nics en la Generalitat que poden afectar la tasca professional dels t\u00e8cnics i t\u00e8cniques ling\u00fc\u00edstics de l&#8217;administraci\u00f3 valenciana: El Consell prescinde de traductores en las consejer\u00edas F. S. &#8211; Valencia &#8211; 17\/11\/2011 El Consell ha eliminado la figura de los traductores en las consejer\u00edas, un [&hellip;]<\/p>\n","protected":false},"author":2,"featured_media":0,"comment_status":"open","ping_status":"open","sticky":false,"template":"","format":"standard","meta":{"footnotes":""},"categories":[15,26,27],"tags":[224],"class_list":["post-2376","post","type-post","status-publish","format-standard","hentry","category-laboral","category-serveis-linguistics","category-sociolinguistica","tag-generalitat-valenciana"],"_links":{"self":[{"href":"https:\/\/www.cdlpv.org\/dtl\/wp-json\/wp\/v2\/posts\/2376","targetHints":{"allow":["GET"]}}],"collection":[{"href":"https:\/\/www.cdlpv.org\/dtl\/wp-json\/wp\/v2\/posts"}],"about":[{"href":"https:\/\/www.cdlpv.org\/dtl\/wp-json\/wp\/v2\/types\/post"}],"author":[{"embeddable":true,"href":"https:\/\/www.cdlpv.org\/dtl\/wp-json\/wp\/v2\/users\/2"}],"replies":[{"embeddable":true,"href":"https:\/\/www.cdlpv.org\/dtl\/wp-json\/wp\/v2\/comments?post=2376"}],"version-history":[{"count":0,"href":"https:\/\/www.cdlpv.org\/dtl\/wp-json\/wp\/v2\/posts\/2376\/revisions"}],"wp:attachment":[{"href":"https:\/\/www.cdlpv.org\/dtl\/wp-json\/wp\/v2\/media?parent=2376"}],"wp:term":[{"taxonomy":"category","embeddable":true,"href":"https:\/\/www.cdlpv.org\/dtl\/wp-json\/wp\/v2\/categories?post=2376"},{"taxonomy":"post_tag","embeddable":true,"href":"https:\/\/www.cdlpv.org\/dtl\/wp-json\/wp\/v2\/tags?post=2376"}],"curies":[{"name":"wp","href":"https:\/\/api.w.org\/{rel}","templated":true}]}}