{"id":237,"date":"2007-11-26T09:41:56","date_gmt":"2007-11-26T08:41:56","guid":{"rendered":"http:\/\/www.cdlpv.org\/dtl\/?p=237"},"modified":"2007-11-26T09:41:56","modified_gmt":"2007-11-26T08:41:56","slug":"servei-linguistic-a-benissa","status":"publish","type":"post","link":"https:\/\/www.cdlpv.org\/dtl\/2007\/11\/26\/servei-linguistic-a-benissa\/","title":{"rendered":"Servei ling\u00fc\u00edstic a Benissa"},"content":{"rendered":"<p>L&#8217;Oficina de Promoci\u00f3 i \u00das del Valenci\u00e0 de Benissa ens ha fet arribar les seues dades:<\/p>\n<p>Ajuntament de Benissa<br \/>\n<strong>Oficina de Promoci\u00f3 i \u00das del Valenci\u00e0<\/strong><br \/>\nCarrer del Pare <a href=\"http:\/\/www.grec.cat\/cgibin\/heccl2.pgm?NDCHEC=0034164\" target=\"_blank\">Andreu Ivars<\/a>, 21, 2.\u00aa<br \/>\n03720 Benissa (Marina Alta)<br \/>\nTel.: 96 573 13 13<br \/>\nFax: 96 573 34 33<br \/>\nA\/e: envalencia@ayto-benissa.es<\/p>\n<hr \/>\n<ul>\n<li>Refer\u00e8ncia <span class=\"versaleta\"><em>dtl:<\/em><\/span> <a href=\"http:\/\/www.cdlpv.org\/dtl\/?p=180\" target=\"_blank\">13.09.2007<\/a>\n<li><a href=\"http:\/\/www.einesdellengua.org\" target=\"_blank\">Eines de Llengua<\/a>: <a href=\"http:\/\/www.geocities.com\/golls.geo\/ServeisL\/Entorn.htm\" target=\"_blank\">serveis ling\u00fc\u00edstics<\/a>\n<\/ul>\n","protected":false},"excerpt":{"rendered":"<p>L&#8217;Oficina de Promoci\u00f3 i \u00das del Valenci\u00e0 de Benissa ens ha fet arribar les seues dades: Ajuntament de Benissa Oficina de Promoci\u00f3 i \u00das del Valenci\u00e0 Carrer del Pare Andreu Ivars, 21, 2.\u00aa 03720 Benissa (Marina Alta) Tel.: 96 573 13 13 Fax: 96 573 34 33 A\/e: envalencia@ayto-benissa.es Refer\u00e8ncia dtl: 13.09.2007 Eines de Llengua: [&hellip;]<\/p>\n","protected":false},"author":2,"featured_media":0,"comment_status":"open","ping_status":"open","sticky":false,"template":"","format":"standard","meta":{"footnotes":""},"categories":[15,47,24,26],"tags":[74,302,336,337,343],"class_list":["post-237","post","type-post","status-publish","format-standard","hentry","category-laboral","category-planificacio","category-requisit-linguistic","category-serveis-linguistics","tag-benissa","tag-marina-alta","tag-oficines","tag-ompuv","tag-opuv"],"_links":{"self":[{"href":"https:\/\/www.cdlpv.org\/dtl\/wp-json\/wp\/v2\/posts\/237","targetHints":{"allow":["GET"]}}],"collection":[{"href":"https:\/\/www.cdlpv.org\/dtl\/wp-json\/wp\/v2\/posts"}],"about":[{"href":"https:\/\/www.cdlpv.org\/dtl\/wp-json\/wp\/v2\/types\/post"}],"author":[{"embeddable":true,"href":"https:\/\/www.cdlpv.org\/dtl\/wp-json\/wp\/v2\/users\/2"}],"replies":[{"embeddable":true,"href":"https:\/\/www.cdlpv.org\/dtl\/wp-json\/wp\/v2\/comments?post=237"}],"version-history":[{"count":0,"href":"https:\/\/www.cdlpv.org\/dtl\/wp-json\/wp\/v2\/posts\/237\/revisions"}],"wp:attachment":[{"href":"https:\/\/www.cdlpv.org\/dtl\/wp-json\/wp\/v2\/media?parent=237"}],"wp:term":[{"taxonomy":"category","embeddable":true,"href":"https:\/\/www.cdlpv.org\/dtl\/wp-json\/wp\/v2\/categories?post=237"},{"taxonomy":"post_tag","embeddable":true,"href":"https:\/\/www.cdlpv.org\/dtl\/wp-json\/wp\/v2\/tags?post=237"}],"curies":[{"name":"wp","href":"https:\/\/api.w.org\/{rel}","templated":true}]}}