{"id":2359,"date":"2011-11-03T19:02:31","date_gmt":"2011-11-03T17:02:31","guid":{"rendered":"http:\/\/www.cdlpv.org\/dtl\/?p=2359"},"modified":"2011-11-03T19:02:31","modified_gmt":"2011-11-03T17:02:31","slug":"el-nom-oficial-de-guadassequies","status":"publish","type":"post","link":"https:\/\/www.cdlpv.org\/dtl\/2011\/11\/03\/el-nom-oficial-de-guadassequies\/","title":{"rendered":"El nom oficial de Guadass\u00e9quies"},"content":{"rendered":"<p>Com que ha desaparegut el <span class=\"versaleta\">cidaj<\/span> de la Generalitat valenciana i la informaci\u00f3 que d\u00f3na el servei alternatiu del <em>Diari Oficial de la Comunitat Valenciana<\/em> \u00e9s poc precisa, ens assabentem a trav\u00e9s dels <em>Flaixos d&#8217;actualitat<\/em> (n\u00fam. 80, <a href=\"http:\/\/www6.gencat.cat\/llengcat\/Flaixos_80\/www20.gencat.cat\/portal\/site\/Llengcat\/menuitem.5ecc41313c6e17e295029110b0c0e1a0\/indexmarclegal.html?vgnextoid=cedaaa22b7103110VgnVCM1000008d0c1e0aRCRD&#038;vgnextchannel=cedaaa22b7103110VgnVCM1000008d0c1e0aRCRD&#038;vgnextfmt=detall&#038;contentid=33b8a206b6098210VgnVCM1000008d0c1e0aRCRD\" target=\"_blank\">02.11.2011<\/a>) de la Generalitat de Catalunya de l&#8217;oficialitzaci\u00f3 del nom valenci\u00e0 de <a href=\"http:\/\/www.enciclopedia.cat\/fitxa_v2.jsp?NDCHEC=0031287&#038;BATE=Guadass%E9quies\" target=\"_blank\">Guadass\u00e9quies<\/a>:<\/p>\n<blockquote><p>\nDecret 155\/2011, de 21 d&#8217;octubre, del Consell, pel qual s&#8217;aprova el canvi de denominaci\u00f3 del municipi de Guadasequies per la forma exclusiva en valenci\u00e0 de Guadass\u00e9quies. [2011\/10757] (docv n\u00famero 6.636, 24.10.2011; <a href=\"http:\/\/www.docv.gva.es\/datos\/2011\/10\/24\/pdf\/2011_10757.pdf\" target=\"_blank\"><span class=\"versaleta\">[pdf]<\/span><\/a>)\n<\/p><\/blockquote>\n","protected":false},"excerpt":{"rendered":"<p>Com que ha desaparegut el cidaj de la Generalitat valenciana i la informaci\u00f3 que d\u00f3na el servei alternatiu del Diari Oficial de la Comunitat Valenciana \u00e9s poc precisa, ens assabentem a trav\u00e9s dels Flaixos d&#8217;actualitat (n\u00fam. 80, 02.11.2011) de la Generalitat de Catalunya de l&#8217;oficialitzaci\u00f3 del nom valenci\u00e0 de Guadass\u00e9quies: Decret 155\/2011, de 21 d&#8217;octubre, [&hellip;]<\/p>\n","protected":false},"author":2,"featured_media":0,"comment_status":"open","ping_status":"open","sticky":false,"template":"","format":"standard","meta":{"footnotes":""},"categories":[1,32],"tags":[50],"class_list":["post-2359","post","type-post","status-publish","format-standard","hentry","category-general","category-toponimia","tag-administracio-local"],"_links":{"self":[{"href":"https:\/\/www.cdlpv.org\/dtl\/wp-json\/wp\/v2\/posts\/2359","targetHints":{"allow":["GET"]}}],"collection":[{"href":"https:\/\/www.cdlpv.org\/dtl\/wp-json\/wp\/v2\/posts"}],"about":[{"href":"https:\/\/www.cdlpv.org\/dtl\/wp-json\/wp\/v2\/types\/post"}],"author":[{"embeddable":true,"href":"https:\/\/www.cdlpv.org\/dtl\/wp-json\/wp\/v2\/users\/2"}],"replies":[{"embeddable":true,"href":"https:\/\/www.cdlpv.org\/dtl\/wp-json\/wp\/v2\/comments?post=2359"}],"version-history":[{"count":0,"href":"https:\/\/www.cdlpv.org\/dtl\/wp-json\/wp\/v2\/posts\/2359\/revisions"}],"wp:attachment":[{"href":"https:\/\/www.cdlpv.org\/dtl\/wp-json\/wp\/v2\/media?parent=2359"}],"wp:term":[{"taxonomy":"category","embeddable":true,"href":"https:\/\/www.cdlpv.org\/dtl\/wp-json\/wp\/v2\/categories?post=2359"},{"taxonomy":"post_tag","embeddable":true,"href":"https:\/\/www.cdlpv.org\/dtl\/wp-json\/wp\/v2\/tags?post=2359"}],"curies":[{"name":"wp","href":"https:\/\/api.w.org\/{rel}","templated":true}]}}