{"id":2354,"date":"2011-10-27T12:52:35","date_gmt":"2011-10-27T10:52:35","guid":{"rendered":"http:\/\/www.cdlpv.org\/dtl\/?p=2354"},"modified":"2011-10-27T12:52:35","modified_gmt":"2011-10-27T10:52:35","slug":"oposicio-a-borriana-del-grup-c1","status":"publish","type":"post","link":"https:\/\/www.cdlpv.org\/dtl\/2011\/10\/27\/oposicio-a-borriana-del-grup-c1\/","title":{"rendered":"Oposici\u00f3 a Borriana del grup C1"},"content":{"rendered":"<p>L&#8217;Ajuntament de Borriana a anunciat la <a href=\"http:\/\/www.burriana.es\/index.php?option=com_content&#038;view=article&#038;id=1012:bases-que-han-de-regir-les-proves-selectives-per-a-cobrir-una-placa-de-traductor-corrector-de-valencia-vacant-en-la-plantilla-de-funcionaris-daquest-ajuntament&#038;catid=41:personal&#038;Itemid=89\" target=\"_blank\">convocat\u00f2ria<\/a> d&#8217;una oposici\u00f3 de \u00abtraductor corrector de valenci\u00e0\u00bb:<\/p>\n<blockquote>\n<h2>Bases que han de regir les proves selectives per a cobrir una pla\u00e7a de traductor corrector de valenci\u00e0 vacant en la plantilla de funcionaris d&#8217;aquest ajuntament <\/h2>\n[&#8230;]\n<p>PRIMERA. OBJECTE DE LA CONVOCAT\u00d2RIA<br \/>\n\u00c9s objecte de la present convocat\u00f2ria la provisi\u00f3 en propietat d\u2019una pla\u00e7a de TRADUCTOR CORRECTOR DE VALENCI\u00c0, vacant en la plantilla de funcionaris d\u2019aquest Ajuntament, inclosa en l\u2019oferta p\u00fablica d\u2019ocupaci\u00f3, aprovada per acord plenari del dia 4 de febrer de 1999, enquadrada en l\u2019escala d\u2019administraci\u00f3 especial, subescala serveis especials, classe comeses especials, i dotada amb les retribucions corresponents al grup C\/subgrup C1, nivell de complement de destinaci\u00f3 20, el complement espec\u00edfic establit per la corporaci\u00f3 i altres emoluments que corresponguen conformement a la legislaci\u00f3 vigent.<\/p>\n[&#8230;]\n<\/p><\/blockquote>\n<p>Podeu consultar les bases en el <a href=\"https:\/\/bop.dipcas.es\/PortalBOP\/obtenerPdfAnuncio.do?idAnuncio=12345\" target=\"_blank\"><span class=\"versaleta\"><em>bop<\/em><\/span><\/a> de Castell\u00f3 (n\u00fam. 127, 15.10.2011).<\/p>\n","protected":false},"excerpt":{"rendered":"<p>L&#8217;Ajuntament de Borriana a anunciat la convocat\u00f2ria d&#8217;una oposici\u00f3 de \u00abtraductor corrector de valenci\u00e0\u00bb: Bases que han de regir les proves selectives per a cobrir una pla\u00e7a de traductor corrector de valenci\u00e0 vacant en la plantilla de funcionaris d&#8217;aquest ajuntament [&#8230;] PRIMERA. OBJECTE DE LA CONVOCAT\u00d2RIA \u00c9s objecte de la present convocat\u00f2ria la provisi\u00f3 en [&hellip;]<\/p>\n","protected":false},"author":2,"featured_media":0,"comment_status":"open","ping_status":"open","sticky":false,"template":"","format":"standard","meta":{"footnotes":""},"categories":[1,15,18,31],"tags":[50,78],"class_list":["post-2354","post","type-post","status-publish","format-standard","hentry","category-general","category-laboral","category-oposicions","category-tmpl","tag-administracio-local","tag-borriana"],"_links":{"self":[{"href":"https:\/\/www.cdlpv.org\/dtl\/wp-json\/wp\/v2\/posts\/2354","targetHints":{"allow":["GET"]}}],"collection":[{"href":"https:\/\/www.cdlpv.org\/dtl\/wp-json\/wp\/v2\/posts"}],"about":[{"href":"https:\/\/www.cdlpv.org\/dtl\/wp-json\/wp\/v2\/types\/post"}],"author":[{"embeddable":true,"href":"https:\/\/www.cdlpv.org\/dtl\/wp-json\/wp\/v2\/users\/2"}],"replies":[{"embeddable":true,"href":"https:\/\/www.cdlpv.org\/dtl\/wp-json\/wp\/v2\/comments?post=2354"}],"version-history":[{"count":0,"href":"https:\/\/www.cdlpv.org\/dtl\/wp-json\/wp\/v2\/posts\/2354\/revisions"}],"wp:attachment":[{"href":"https:\/\/www.cdlpv.org\/dtl\/wp-json\/wp\/v2\/media?parent=2354"}],"wp:term":[{"taxonomy":"category","embeddable":true,"href":"https:\/\/www.cdlpv.org\/dtl\/wp-json\/wp\/v2\/categories?post=2354"},{"taxonomy":"post_tag","embeddable":true,"href":"https:\/\/www.cdlpv.org\/dtl\/wp-json\/wp\/v2\/tags?post=2354"}],"curies":[{"name":"wp","href":"https:\/\/api.w.org\/{rel}","templated":true}]}}