{"id":2324,"date":"2011-10-18T08:30:31","date_gmt":"2011-10-18T06:30:31","guid":{"rendered":"http:\/\/www.cdlpv.org\/dtl\/?p=2324"},"modified":"2011-10-18T08:30:31","modified_gmt":"2011-10-18T06:30:31","slug":"dimitix-la-president-de-lavl-ascensio-figueres","status":"publish","type":"post","link":"https:\/\/www.cdlpv.org\/dtl\/2011\/10\/18\/dimitix-la-president-de-lavl-ascensio-figueres\/","title":{"rendered":"Dimitix la presidenta de l&#8217;AVL, Ascensi\u00f3 Figueres"},"content":{"rendered":"<p>L&#8217;Acad\u00e8mia Valenciana de la Llengua ens envia el comunicat seg\u00fcent:<\/p>\n<blockquote><p>\nAscensi\u00f3 Figueres ha presentat hui la dimissi\u00f3 com a presidenta de l&#8217;Acad\u00e8mia Valenciana de la Llengua per a compar\u00e9ixer en les pr\u00f2ximes eleccions generals en la candidatura al Congr\u00e9s dels Diputats per la demarcaci\u00f3 de Castell\u00f3. La seua vacant ha sigut coberta per l\u2019actual vicepresident, Manuel P\u00e9rez Saldanya, que ocupar\u00e0 el c\u00e0rrec de president en funcions de l\u2019<span class=\"versaleta\">avl<\/span> fins a l\u2019elecci\u00f3 del nou president, que est\u00e0 prevista per al mes de novembre.\n<\/p><\/blockquote>\n<p>La demarcaci\u00f3 \u00e9s la de Castell\u00f3 i el partit pol\u00edtic \u00e9s el Partit Popular. Si ix elegida, \u00bffar\u00e0 res perqu\u00e8 es normalitze l&#8217;\u00fas democr\u00e0tic del valenci\u00e0 en la cambra i en les institucions p\u00fabliques estatals?<\/p>\n","protected":false},"excerpt":{"rendered":"<p>L&#8217;Acad\u00e8mia Valenciana de la Llengua ens envia el comunicat seg\u00fcent: Ascensi\u00f3 Figueres ha presentat hui la dimissi\u00f3 com a presidenta de l&#8217;Acad\u00e8mia Valenciana de la Llengua per a compar\u00e9ixer en les pr\u00f2ximes eleccions generals en la candidatura al Congr\u00e9s dels Diputats per la demarcaci\u00f3 de Castell\u00f3. La seua vacant ha sigut coberta per l\u2019actual vicepresident, [&hellip;]<\/p>\n","protected":false},"author":2,"featured_media":0,"comment_status":"open","ping_status":"open","sticky":false,"template":"","format":"standard","meta":{"footnotes":""},"categories":[38,1],"tags":[169,376],"class_list":["post-2324","post","type-post","status-publish","format-standard","hentry","category-avl","category-general","tag-eleccions-generals","tag-politica-linguistica"],"_links":{"self":[{"href":"https:\/\/www.cdlpv.org\/dtl\/wp-json\/wp\/v2\/posts\/2324","targetHints":{"allow":["GET"]}}],"collection":[{"href":"https:\/\/www.cdlpv.org\/dtl\/wp-json\/wp\/v2\/posts"}],"about":[{"href":"https:\/\/www.cdlpv.org\/dtl\/wp-json\/wp\/v2\/types\/post"}],"author":[{"embeddable":true,"href":"https:\/\/www.cdlpv.org\/dtl\/wp-json\/wp\/v2\/users\/2"}],"replies":[{"embeddable":true,"href":"https:\/\/www.cdlpv.org\/dtl\/wp-json\/wp\/v2\/comments?post=2324"}],"version-history":[{"count":0,"href":"https:\/\/www.cdlpv.org\/dtl\/wp-json\/wp\/v2\/posts\/2324\/revisions"}],"wp:attachment":[{"href":"https:\/\/www.cdlpv.org\/dtl\/wp-json\/wp\/v2\/media?parent=2324"}],"wp:term":[{"taxonomy":"category","embeddable":true,"href":"https:\/\/www.cdlpv.org\/dtl\/wp-json\/wp\/v2\/categories?post=2324"},{"taxonomy":"post_tag","embeddable":true,"href":"https:\/\/www.cdlpv.org\/dtl\/wp-json\/wp\/v2\/tags?post=2324"}],"curies":[{"name":"wp","href":"https:\/\/api.w.org\/{rel}","templated":true}]}}