{"id":2314,"date":"2011-10-13T13:58:56","date_gmt":"2011-10-13T11:58:56","guid":{"rendered":"http:\/\/www.cdlpv.org\/dtl\/?p=2314"},"modified":"2011-10-13T13:58:56","modified_gmt":"2011-10-13T11:58:56","slug":"jornada-de-liec-a-alcoi","status":"publish","type":"post","link":"https:\/\/www.cdlpv.org\/dtl\/2011\/10\/13\/jornada-de-liec-a-alcoi\/","title":{"rendered":"Jornada de l&#8217;IEC a Alcoi"},"content":{"rendered":"<p>L&#8217;Institut d&#8217;Estudis Catalans commemora el seu centenari i els de Teodor Llorente, Joan Maragall, Enric Valor i Manuel Sanchis Guarner a Alcoi:<\/p>\n<blockquote>\n<h2>Jornada de la secci\u00f3 filol\u00f2gica de l\u2019<span class=\"versaleta\">iec<\/span> amb motiu del seu centenari i dels de Llorente, Maragall, Valor i Sanchis Guarner<\/h2>\n<p>Alcoi, 20 d\u2019octubre de 2011<\/p>\n<p>El centenari de la Secci\u00f3 Filol\u00f2gica de l\u2019Institut d\u2019Estudis Catalans, creada el 1911, coincideix amb els centenaris de la mort de Teodor Llorente i Joan Maragall i del naixement d\u2019Enric Valor i Manuel Sanchis Guarner, figures del m\u00e0xim relleu en les nostres lletres. Teodor Llorente va ser el principal impulsor de la recuperaci\u00f3 de la llengua liter\u00e0ria al Pa\u00eds Valenci\u00e0. Joan Maragall, Manuel Sanchis Guarner i Enric Valor van ser membres de la Secci\u00f3 Filol\u00f2gica.<\/p>\n<p>Amb aquest motiu, la Secci\u00f3 Filol\u00f2gica de l\u2019<span class=\"versaleta\">iec<\/span>, a part de participar en l\u2019homenatge a Manuel Sanchis Guarner a la Universitat de Val\u00e8ncia el mat\u00ed del mateix dia 20 d\u2019octubre, ha volgut despla\u00e7ar-se a Alcoi per celebrar-hi una de les seves reunions ordin\u00e0ries i ha organitzat, amb el suport de l\u2019Ajuntament d\u2019Alcoi, una jornada commemorativa de tots aquests centenaris.<\/p>\n<p>Aquests actes constitueixen l\u2019obertura formal del centenari de la Secci\u00f3 Filol\u00f2gica en terres valencianes, despr\u00e9s que s\u2019hagin celebrat altres actes inaugurals a Palma, Barcelona i Perpiny\u00e0. Les activitats del centenari s\u2019estenen a tot el territori ling\u00fc\u00edstic i volen incloure tots els nivells, des dels m\u00e9s institucionals i acad\u00e8mics fins als m\u00e9s populars i participatius.<\/p>\n<p>Aix\u00ed, la coincid\u00e8ncia dels centenaris de la Secci\u00f3 Filol\u00f2gica i de Joan Maragall \u2014preconitzador de la paraula viva en el seu <em>Elogi de la paraula<\/em>\u2014 ha impulsat la convocat\u00f2ria de l\u2019acci\u00f3 participativa 2011, l\u2019any de la paraula viva, que convida els mitjans de comunicaci\u00f3, els creadors, els ensenyants, les entitats, les empreses i tothom en general a promoure tota mena d\u2019iniciatives que contribueixin a descobrir, compartir, exercitar i celebrar la vitalitat, la creativitat expressiva i el dinamisme innovador de la nostra llengua.<\/p>\n<p>Podeu veure el conjunt d\u2019aquestes activitats a l\u2019adre\u00e7a <a href=\"http:\/\/taller.iec.cat\/filologica\/centenari\" target=\"_blank\"><em>http:\/\/taller.iec.cat\/filologica\/centenari<\/em><\/a><\/p>\n<h3>Programa de la sessi\u00f3 acad\u00e8mica i commemorativa<\/h3>\n<p>Sala de Graus de la seu de la Universitat Polit\u00e8cnica de Val\u00e8ncia a Alcoi (pl. de Ferr\u00e1ndiz i Carbonell, s\/n)<\/p>\n<p>18.30 h Obertura a c\u00e0rrec de les autoritats locals i dels representants de l\u2019<span class=\"versaleta\">iec<\/span><\/p>\n<p>18.50 h Lectura de poemes de Joan Maragall, a c\u00e0rrec de Mari\u00e0ngela Vilallonga (professora de la Universitat de Girona i vicepresidenta de l\u2019<span class=\"versaleta\">iec<\/span>), i de Teodor Llorente, a c\u00e0rrec de Josep Piera (escriptor i membre de la Secci\u00f3 Filol\u00f2gica de l\u2019<span class=\"versaleta\">iec<\/span>)<\/p>\n<p>19.00 h Vicent Pascual (pedagog): Un model d\u2019educaci\u00f3 pluriling\u00fce i multicultural al Pa\u00eds Valenci\u00e0<\/p>\n<p>19.25 h Joan Borja (professor de la Universitat d\u2019Alacant): Semblan\u00e7a de Jordi Valor<\/p>\n<p>19.40 h Dramatitzaci\u00f3 d\u2019una rondalla d\u2019Enric Valor, a c\u00e0rrec de l\u2019actor Joan Gadea i la xiqueta Marina Rozal\u00e9n<\/p>\n<p>19.50 h Manel Rodr\u00edguez-Castell\u00f3 (professor i poeta): Semblan\u00e7a de Joan Valls i Jord\u00e0<\/p>\n<p>20.05 h Eugeni S. Reig (ling\u00fcista): L\u2019aportaci\u00f3 l\u00e8xica al catal\u00e0 de Joan Valls i Jordi Valor<\/p>\n<p>20.20 h Lectura d\u2019un text de Manuel Sanchis Guarner, a c\u00e0rrec d\u2019Antoni Ferrando (professor de la Universitat de Val\u00e8ncia i membre de la Secci\u00f3 Filol\u00f2gica de l\u2019<span class=\"versaleta\">iec<\/span>)<\/p>\n<p>20.30 h Semblan\u00e7a d\u2019Ovidi Montllor, a c\u00e0rrec de Jordi Botella, i interpretaci\u00f3 d\u2019una can\u00e7\u00f3 de l\u2019Ovidi, a c\u00e0rrec del cantautor de Cocentaina Andreu Valor<\/p>\n<p>Organitzen: Ajuntament d\u2019Alcoi i Secci\u00f3 Filol\u00f2gica de l\u2019<span class=\"versaleta\">iec<\/span><\/p><\/blockquote>\n","protected":false},"excerpt":{"rendered":"<p>L&#8217;Institut d&#8217;Estudis Catalans commemora el seu centenari i els de Teodor Llorente, Joan Maragall, Enric Valor i Manuel Sanchis Guarner a Alcoi: Jornada de la secci\u00f3 filol\u00f2gica de l\u2019iec amb motiu del seu centenari i dels de Llorente, Maragall, Valor i Sanchis Guarner Alcoi, 20 d\u2019octubre de 2011 El centenari de la Secci\u00f3 Filol\u00f2gica de [&hellip;]<\/p>\n","protected":false},"author":2,"featured_media":0,"comment_status":"open","ping_status":"open","sticky":false,"template":"","format":"standard","meta":{"footnotes":""},"categories":[10,1,46],"tags":[258],"class_list":["post-2314","post","type-post","status-publish","format-standard","hentry","category-formacio","category-general","category-iec","tag-jornades"],"_links":{"self":[{"href":"https:\/\/www.cdlpv.org\/dtl\/wp-json\/wp\/v2\/posts\/2314","targetHints":{"allow":["GET"]}}],"collection":[{"href":"https:\/\/www.cdlpv.org\/dtl\/wp-json\/wp\/v2\/posts"}],"about":[{"href":"https:\/\/www.cdlpv.org\/dtl\/wp-json\/wp\/v2\/types\/post"}],"author":[{"embeddable":true,"href":"https:\/\/www.cdlpv.org\/dtl\/wp-json\/wp\/v2\/users\/2"}],"replies":[{"embeddable":true,"href":"https:\/\/www.cdlpv.org\/dtl\/wp-json\/wp\/v2\/comments?post=2314"}],"version-history":[{"count":0,"href":"https:\/\/www.cdlpv.org\/dtl\/wp-json\/wp\/v2\/posts\/2314\/revisions"}],"wp:attachment":[{"href":"https:\/\/www.cdlpv.org\/dtl\/wp-json\/wp\/v2\/media?parent=2314"}],"wp:term":[{"taxonomy":"category","embeddable":true,"href":"https:\/\/www.cdlpv.org\/dtl\/wp-json\/wp\/v2\/categories?post=2314"},{"taxonomy":"post_tag","embeddable":true,"href":"https:\/\/www.cdlpv.org\/dtl\/wp-json\/wp\/v2\/tags?post=2314"}],"curies":[{"name":"wp","href":"https:\/\/api.w.org\/{rel}","templated":true}]}}