{"id":2303,"date":"2011-10-07T13:56:21","date_gmt":"2011-10-07T11:56:21","guid":{"rendered":"http:\/\/www.cdlpv.org\/dtl\/?p=2303"},"modified":"2011-10-07T13:56:21","modified_gmt":"2011-10-07T11:56:21","slug":"la-rae-privatitza-els-beneficis-del-castella","status":"publish","type":"post","link":"https:\/\/www.cdlpv.org\/dtl\/2011\/10\/07\/la-rae-privatitza-els-beneficis-del-castella\/","title":{"rendered":"La RAE privatitza els \u00abbeneficis\u00bb del castell\u00e0"},"content":{"rendered":"<p>Els hispanoparlants i el ciutadans que financen amb els seus imposts l&#8217;exist\u00e8ncia de la Real Academia Espa\u00f1ola tenen uns quants motius per a estar rebotats amb la instituci\u00f3, i ho mostren (tret d&#8217;<a href=\"http:\/\/www.infoling.org\/informacion\/IG24.html#.To7l1XLpcYA\" target=\"_blank\"><em>Infoling<\/em><\/a>)<em>:<\/em><\/p>\n<blockquote><p><strong>T\u00edtulo:<\/strong>Imposiciones p\u00fablicas, beneficios privados: la RAE contra la utilizaci\u00f3n de sus recursos en la red<\/p>\n<p><strong>URL:<\/strong> <a href=\"http:\/\/addendaetcorrigenda.blogia.com\/2011\/100501--todo-sobre-mi-rae-.-la-larga-cola-del-asunto-rae-planeta-contra-ricardo-soca.php\" target=\"_blank\">http:\/\/addendaetcorrigenda.blogia.com\/2011\/100501&#8211;todo-sobre-mi-rae-.-la-larga-cola-del-asunto-rae-&#8230;<\/a><\/p>\n<p><strong>Descripci\u00f3n<\/strong><br \/>\nLa RAE &amp;mdash;una instituci\u00f3n financiada con dinero p\u00fablico&amp;mdash; parece combinar con todo descaro su actividad p\u00fablica, como la reciente imposici\u00f3n a toda la comunidad hisp\u00e1nica de unas nuevas normas ortogr\u00e1ficas banales con sus Academias sat\u00e9lites como coartada, con la privatizaci\u00f3n de sus recursos ling\u00fc\u00edsticos, bloqueando su utilizaci\u00f3n mediante las actuaciones coactivas de su estructura empresarial:<\/p>\n<p>&#8211; La RAE y su entramado empresarial han obligado a cerrar una p\u00e1gina de la web <a href=\"http:\/\/elcastellano.org\/\" target=\"_blank\">http:\/\/elcastellano.org<\/a>, aduciendo supuestas cuestiones legales. En dicha p\u00e1gina, se ofrec\u00eda una versi\u00f3n mejorada de los avances de la vig\u00e9simo tercera edici\u00f3n del Diccionario acad\u00e9mico, compar\u00e1ndolos con la versi\u00f3n actual. Con esta actuaci\u00f3n coercitiva, la RAE ha mostrado de nuevo su desprecio por sus usuarios y por el beneficio que la iniciativa de elcastellano.org aportaba a la ling\u00fc\u00edstica hisp\u00e1nica (cf. <a href=\"http:\/\/www.elcastellano.org\/ns\/edicion\/2011\/septiembre\/planeta.html\" target=\"_blank\">http:\/\/www.elcastellano.org\/ns\/edicion\/2011\/septie&#8230;<\/a> y <a href=\"http:\/\/jamillan.com\/librosybitios\/2011\/09\/planeta-y-rae-la-perversion-de-la-proteccion-del-copyright\/\" target=\"_blank\">http:\/\/jamillan.com\/librosybitios\/2011\/09\/planeta-&#8230;<\/a>). Como se\u00f1ala Ricardo Soca, director del portal elcastellano.org:<\/p>\n<p>\u00ab[&#8230;] es sorprendente que una compa\u00f1\u00eda poderosa como el Grupo Planeta pueda presentarse en nombre de la Real Academia, presionando para impedir la divulgaci\u00f3n en la Internet de obras en cuya elaboraci\u00f3n han participado las veintid\u00f3s academias, como es el caso del Diccionario de la lengua espa\u00f1ola [&#8230;]\u201d (cf. Compartir enlaces de la RAE \u201cviola los derechos de propiedad intelectual\u00bb, elEconomista.com, <a href=\"http:\/\/ecodiario.eleconomista.es\/espana\/noticias\/3428472\/10\/11\/Compartir-enlaces-de-la-RAE-viola-los-derechos-de-propiedad-intelectual.html\" target=\"_blank\">http:\/\/ecodiario.eleconomista.es\/espana\/noticias\/3&#8230;<\/a>)<\/p>\n<p>Asimismo, la pagina web en la que se ofrec\u00eda una versi\u00f3n mejorada del <em>Diccionario panhisp\u00e1nico de dudas<\/em> (DPD), desarrollada por Franz Mayrhofer, profesor del Gavilan College de California, tambi\u00e9n ha tenido que cerrar de forma preventiva ante las amenazas proferidas por la RAE contra elcastellano.org. Como se\u00f1ala Ricardo Soca, en la versi\u00f3n mejorada del DPD, era \u00abposible ver todo el lemario, tal como ocurre con las versiones por pago de los diccionarios digitales de la Academia, algo que la RAE podr\u00eda haber hecho en su propia versi\u00f3n en l\u00ednea, sin esa restricci\u00f3n impuesta por razones meramente comerciales, tan impropias de una academia que, por otra parte, ya est\u00e1 generosamente financiada.\u00bb (cf. Un DPD en l\u00ednea m\u00e1s generoso que el de la RAE, <a href=\"http:\/\/www.elcastellano.org\/ns\/edicion\/2009\/julio\/dpd.html\" target=\"_blank\">http:\/\/www.elcastellano.org\/ns\/edicion\/2009\/julio\/&#8230;<\/a>)<\/p>\n<p>Las cr\u00edticas contra la RAE que se han ido propagando masivamente por la red han tenido un impacto de tal magnitud que la RAE ha tenido que abandonar su tradicional arrogancia y se ha visto obligada a dar una respuesta:\u00abLa RAE est\u00e1 a favor de facilitar los enlaces externos de sus recursos p\u00fablicos siempre que haya una petici\u00f3n formal que no tenga, por parte de terceros, fines comerciales o lucrativos.\u00bb<br \/>\n(cf. <a href=\"http:\/\/www.rae.es\/rae\/gestores\/gespub000011.nsf\/voTodosporId\/6DEB8D915537D89EC1257920005E6A01?OpenDocument&amp;i=6\" target=\"_blank\">http:\/\/www.rae.es\/rae\/gestores\/gespub000011.nsf\/vo&#8230;<\/a>)<\/p>\n<p>Resulta lamentablemente grotesco contrastar la respuesta de la RAE con las actuaciones reales que est\u00e1 llevando a cabo: las p\u00e1ginas que la RAE ha obligado a cerrar NO ten\u00edan en ning\u00fan caso fines comerciales o lucrativos, sin embargo, se puede acceder sin problemas a los diccionarios de la RAE desde wordreference.com \u2014una web abiertamente comercial de diccionarios en l\u00ednea\u2014, como se puede observar p. ej. desde la siguiente consulta: <a href=\"http:\/\/www.wordreference.com\/definicion\/lamentable\" target=\"_blank\">http:\/\/www.wordreference.com\/definicion\/lamentable<\/a>.<\/p>\n<p>\u00bfPuede una instituci\u00f3n que est\u00e1 financiada con dinero p\u00fablico bloquear el acceso a sus recursos online como si fuera una empresa privada? Cuando en Espa\u00f1a ya no se pueda impedir que las campa\u00f1as masivas de denuncia contra la RAE trasciendan a los medios de comunicaci\u00f3n, que tradicionalmente \u2014ya sean \u00e9stos supuestamente de derechas o de izquierdas\u2014 han hecho de correa de transmisi\u00f3n de la ideolog\u00eda que sostiene a dicha instituci\u00f3n, y\/o cuando los pa\u00edses de la Am\u00e9rica hispanohablante decidan liberarse de una vez de la arrogante tiran\u00eda ling\u00fc\u00edstica de la RAE, s\u00f3lo entonces se pondr\u00e1 fin a la imposici\u00f3n del atraso y el centralismo ling\u00fc\u00edstico \u2014convenientemente disfrazado ahora de \u00abpanhispanismo\u00bb (cf. Subirats (2011), \u00abGram\u00e1ticas del desastre\u00bb <a href=\"http:\/\/infoling.org\/docs\/Gramaticas_del_desastre-2011.pdf\" target=\"_blank\">http:\/\/infoling.org\/docs\/Gramaticas_del_desastre-2&#8230;<\/a>)\u2014 de una instituci\u00f3n cient\u00edficamente quebrada, financiada mayoritariamente con dinero p\u00fablico, que act\u00fae impunemente como una empresa privada.<\/p>\n<p><strong>Fuentes y m\u00e1s informaci\u00f3n:<\/strong>&#8211; Hashtags para seguir la pol\u00e9mica en Twitter (cf. Addenda &amp; Corrigenda):<br \/>\n#RAEcensura #RAEdominiopublico #defineRAE #RAE<\/p>\n<p>&#8211; Compilaci\u00f3n organizada tem\u00e1ticamente sobre los cierres de p\u00e1ginas web provocados por la RAE (cf. Addenda &amp; Corrigenda):<br \/>\n<a href=\"http:\/\/addendaetcorrigenda.blogia.com\/2011\/100501--todo-sobre-mi-rae-.-la-larga-cola-del-asunto-rae-planeta-contra-ricardo-soca.php\" target=\"_blank\">http:\/\/addendaetcorrigenda.blogia.com\/2011\/100501-&#8230;<\/a><\/p>\n<p>&#8211; Campa\u00f1as abiertas en internet:<\/p>\n<ul>\n<li>Campa\u00f1a por la defensa de la \u00e9tica cient\u00edfica en la ling\u00fc\u00edstica hisp\u00e1nica: \u00abQueremos que la RAE incluya la bibliograf\u00eda de las fuentes de sus obras\u00bb: <a href=\"http:\/\/www.causes.com\/causes\/599973-queremos-que-la-rae-incluya-la-bibliograf-a-de-las-fuentes-de-sus-obras\/about\" target=\"_blank\">http:\/\/www.causes.com\/causes\/599973-queremos-que-l&#8230;<\/a><\/li>\n<li>Informaci\u00f3n de Infoling sobre esta campa\u00f1a:<br \/>\n<a href=\"http:\/\/infoling.org\/english\/search\/informacion_general\/ID\/18#.To0fOHLfajM\" target=\"_blank\">http:\/\/infoling.org\/english\/search\/informacion_gen&#8230;<\/a><\/li>\n<\/ul>\n<p><strong>Remitente:<\/strong> Carlos Subirats<br \/>\n<strong>Instituci\u00f3n:<\/strong> Universidad Aut\u00f3noma de Barcelona, Espa\u00f1a<\/p><\/blockquote>\n","protected":false},"excerpt":{"rendered":"<p>Els hispanoparlants i el ciutadans que financen amb els seus imposts l&#8217;exist\u00e8ncia de la Real Academia Espa\u00f1ola tenen uns quants motius per a estar rebotats amb la instituci\u00f3, i ho mostren (tret d&#8217;Infoling): T\u00edtulo:Imposiciones p\u00fablicas, beneficios privados: la RAE contra la utilizaci\u00f3n de sus recursos en la red URL: http:\/\/addendaetcorrigenda.blogia.com\/2011\/100501&#8211;todo-sobre-mi-rae-.-la-larga-cola-del-asunto-rae-&#8230; Descripci\u00f3n La RAE &amp;mdash;una instituci\u00f3n [&hellip;]<\/p>\n","protected":false},"author":2,"featured_media":0,"comment_status":"open","ping_status":"open","sticky":false,"template":"","format":"standard","meta":{"footnotes":""},"categories":[41,2,1,16,17,19],"tags":[399],"class_list":["post-2303","post","type-post","status-publish","format-standard","hentry","category-castella","category-comunicacio","category-general","category-lexicografia","category-normativa","category-politica","tag-rae"],"_links":{"self":[{"href":"https:\/\/www.cdlpv.org\/dtl\/wp-json\/wp\/v2\/posts\/2303","targetHints":{"allow":["GET"]}}],"collection":[{"href":"https:\/\/www.cdlpv.org\/dtl\/wp-json\/wp\/v2\/posts"}],"about":[{"href":"https:\/\/www.cdlpv.org\/dtl\/wp-json\/wp\/v2\/types\/post"}],"author":[{"embeddable":true,"href":"https:\/\/www.cdlpv.org\/dtl\/wp-json\/wp\/v2\/users\/2"}],"replies":[{"embeddable":true,"href":"https:\/\/www.cdlpv.org\/dtl\/wp-json\/wp\/v2\/comments?post=2303"}],"version-history":[{"count":0,"href":"https:\/\/www.cdlpv.org\/dtl\/wp-json\/wp\/v2\/posts\/2303\/revisions"}],"wp:attachment":[{"href":"https:\/\/www.cdlpv.org\/dtl\/wp-json\/wp\/v2\/media?parent=2303"}],"wp:term":[{"taxonomy":"category","embeddable":true,"href":"https:\/\/www.cdlpv.org\/dtl\/wp-json\/wp\/v2\/categories?post=2303"},{"taxonomy":"post_tag","embeddable":true,"href":"https:\/\/www.cdlpv.org\/dtl\/wp-json\/wp\/v2\/tags?post=2303"}],"curies":[{"name":"wp","href":"https:\/\/api.w.org\/{rel}","templated":true}]}}