{"id":2300,"date":"2011-10-05T13:54:39","date_gmt":"2011-10-05T11:54:39","guid":{"rendered":"http:\/\/www.cdlpv.org\/dtl\/?p=2300"},"modified":"2011-10-05T13:54:39","modified_gmt":"2011-10-05T11:54:39","slug":"lestil-de-lavl-per-als-mitjans-audiovisuals","status":"publish","type":"post","link":"https:\/\/www.cdlpv.org\/dtl\/2011\/10\/05\/lestil-de-lavl-per-als-mitjans-audiovisuals\/","title":{"rendered":"L&#8217;estil de l&#8217;AVL per als mitjans audiovisuals"},"content":{"rendered":"<p>L&#8217;Acad\u00e8mia Valenciana de la Llengua ens envia la informaci\u00f3 seg\u00fcent:<\/p>\n<blockquote><p>L&#8217;Acad\u00e8mia Valenciana de la Llengua presentar\u00e0 este dijous, a les 13.00 hores, en la sala d&#8217;actes del monestir de Sant Miquel dels Reis, el <em>Llibre d&#8217;Estil per als Mitjans Audiovisuals en Valenci\u00e0,<\/em> dins de la co&#320;lecci\u00f3 Manuals. L&#8217;acte estar\u00e0 presidit per la consellera de Cultura, Lola Johnson, i comptar\u00e0 amb la pres\u00e8ncia del director general de Radiotelevisi\u00f3 Valenciana, Jos\u00e9 L\u00f3pez Jaraba.<\/p><\/blockquote>\n<p>Suposem que a causa de limitacions d&#8217;espai, demanen la confirmaci\u00f3 de l&#8217;assist\u00e8ncia (tel\u00e8fons: 96 387 40 89 \/ 96 387 40 90). Suposem que s\u00ed que deuen haver confirmat que a Lola Johnson i a Jos\u00e9 L\u00f3pez Jaraba que la publicaci\u00f3 els resulta d&#8217;inter\u00e9s per algun motiu &mdash;per qualsevol motiu: gruix, color, pes, fa joc amb les cortines&#8230;<\/p>\n","protected":false},"excerpt":{"rendered":"<p>L&#8217;Acad\u00e8mia Valenciana de la Llengua ens envia la informaci\u00f3 seg\u00fcent: L&#8217;Acad\u00e8mia Valenciana de la Llengua presentar\u00e0 este dijous, a les 13.00 hores, en la sala d&#8217;actes del monestir de Sant Miquel dels Reis, el Llibre d&#8217;Estil per als Mitjans Audiovisuals en Valenci\u00e0, dins de la co&#320;lecci\u00f3 Manuals. L&#8217;acte estar\u00e0 presidit per la consellera de Cultura, [&hellip;]<\/p>\n","protected":false},"author":2,"featured_media":0,"comment_status":"open","ping_status":"open","sticky":false,"template":"","format":"standard","meta":{"footnotes":""},"categories":[38,2,1],"tags":[130,291,313],"class_list":["post-2300","post","type-post","status-publish","format-standard","hentry","category-avl","category-comunicacio","category-general","tag-criteris","tag-llibres","tag-mitjans-de-comunicacio"],"_links":{"self":[{"href":"https:\/\/www.cdlpv.org\/dtl\/wp-json\/wp\/v2\/posts\/2300","targetHints":{"allow":["GET"]}}],"collection":[{"href":"https:\/\/www.cdlpv.org\/dtl\/wp-json\/wp\/v2\/posts"}],"about":[{"href":"https:\/\/www.cdlpv.org\/dtl\/wp-json\/wp\/v2\/types\/post"}],"author":[{"embeddable":true,"href":"https:\/\/www.cdlpv.org\/dtl\/wp-json\/wp\/v2\/users\/2"}],"replies":[{"embeddable":true,"href":"https:\/\/www.cdlpv.org\/dtl\/wp-json\/wp\/v2\/comments?post=2300"}],"version-history":[{"count":0,"href":"https:\/\/www.cdlpv.org\/dtl\/wp-json\/wp\/v2\/posts\/2300\/revisions"}],"wp:attachment":[{"href":"https:\/\/www.cdlpv.org\/dtl\/wp-json\/wp\/v2\/media?parent=2300"}],"wp:term":[{"taxonomy":"category","embeddable":true,"href":"https:\/\/www.cdlpv.org\/dtl\/wp-json\/wp\/v2\/categories?post=2300"},{"taxonomy":"post_tag","embeddable":true,"href":"https:\/\/www.cdlpv.org\/dtl\/wp-json\/wp\/v2\/tags?post=2300"}],"curies":[{"name":"wp","href":"https:\/\/api.w.org\/{rel}","templated":true}]}}