{"id":230,"date":"2007-11-17T19:59:08","date_gmt":"2007-11-17T18:59:08","guid":{"rendered":"http:\/\/www.cdlpv.org\/dtl\/?p=230"},"modified":"2007-11-17T19:59:08","modified_gmt":"2007-11-17T18:59:08","slug":"la-reemissio-de-tv3-en-perill-al-sud-valencia","status":"publish","type":"post","link":"https:\/\/www.cdlpv.org\/dtl\/2007\/11\/17\/la-reemissio-de-tv3-en-perill-al-sud-valencia\/","title":{"rendered":"La reemissi\u00f3 de TV3 en perill al sud valenci\u00e0"},"content":{"rendered":"<p><a href='http:\/\/www.cdlpv.org\/dtl\/?attachment_id=229' rel='attachment wp-att-229' title='Per la TV3 al Pa\u00eds Valenci\u00e0'><img src='http:\/\/www.cdlpv.org\/dtl\/wp-content\/banercampanya.jpg' alt='Per la TV3 al Pa\u00eds Valenci\u00e0' align=\"right\" \/><\/a>El govern de Francisco Camps (<span class=\"versaleta\">pp<\/span>) mant\u00e9 la seua amena\u00e7a contra els ciutadans valencians que preferixen informar-se i expressar-se a trav\u00e9s de l&#8217;emissora p\u00fablica <span class=\"versaleta\">tv3<\/span> (i la resta de canals de Televisi\u00f3 de Catalunya).<\/p>\n<p>Segons els titulars del web d&#8217;Acci\u00f3 Cultural del Pa\u00eds Valenci\u00e0 (<a href=\"http:\/\/www.acpv.cat\/php\/noticia.php?id_noti=725&#038;sessio=\" target=\"_blank\">16.11.2007<\/a>):<\/p>\n<blockquote>\n<h2>La Generalitat Valenciana executar\u00e0 for\u00e7osament la clausura dels repetidors de TV3 propietat d&#8217;ACPV<\/h2>\n<h3>El Consell demana judicialment perm\u00eds per precintar les instal\u00b7lacions<\/h3>\n<\/blockquote>\n<p>Cal tindre en compte que els drets ling\u00fc\u00edstics i culturals dels ciutadans valencians es troben en perill &mdash;nom\u00e9s cal buscar una pel\u00b7l\u00edcula, al cinema o en <span class=\"versaleta\">dvd<\/span> doblada o subtitulada en valenci\u00e0, buscar una emissora privada en el munt de suposades ofertes diverses de la <span class=\"versaleta\">tdt<\/span>&mdash; i, fet m\u00e9s greu, s\u00f3n osbtru\u00efts o incomplits per la passivitat o amb la conniv\u00e8ncia del mateix govern valenci\u00e0 de Francisco Camps.<\/p>\n<p>Amb tot, la situaci\u00f3 &mdash;tamb\u00e9 en all\u00f2 positiu que s&#8217;aconseguix de tant en tant&mash; \u00e9s responsabilitat de tota la ciutadania. Aix\u00f2 no equival a una responsabilitat difusa, sin\u00f3 que hauria de ser una apel\u00b7laci\u00f3 al comportament personal. No tenim prou referents \u00e8tics pol\u00edtics i socials, comentava Ver\u00f2nica Cant\u00f3 (<span class=\"versaleta\">avl<\/span>) en l&#8217;aula magna de la Universitat de Val\u00e8ncia durant el debat posterior a la presentaci\u00f3 del llibre <a href=\"http:\/\/http:\/\/www.tabarcallibres.com\/MainFrame%20tabarca.html\" target=\"_blank\"><em>Reivindicaci\u00f3 del valenci\u00e0<\/em><\/a> d&#8217;Abelard Saragoss\u00e0. Per tant, vam pensar, comen\u00e7ant pels ciutadans, acad\u00e8mics i professors presents en l&#8217;acte, haur\u00edem de ser referents individuals, encara que f\u00f3ra inicialment per a nosaltres mateixos: haur\u00edem de demanar els rebuts municipals en valenci\u00e0, comprovar que tenim realment el nom en valenci\u00e0 en el <span class=\"versaleta\">dni<\/span> i que no \u00e9s \u00fanicament un pseud\u00f2nim, demanar que la retolaci\u00f3 de les institucions i organismes p\u00fablics que visitem &mdash;com a funcionaris, acad\u00e8mics o ciutadans&mdash; estiga en valenci\u00e0, etc\u00e8tera. Una miqueta cada u i, com diu la dita, de mica en mica, s&#8217;ompli la pica.<\/p>\n<p>Quant al cas de <span class=\"versaleta\">tv3<\/span> cal recordar el que diu la Carta europea de les lleng\u00fces en l&#8217;article 11.2:<\/p>\n<blockquote><p>\n2. Les parts es comprometen a garantir la llibertat de recepci\u00f3 directa de les emissions de r\u00e0dio i de televisi\u00f3 dels pa\u00efsos ve\u00efns en una llengua usada en una forma id\u00e8ntica o pr\u00f2xima d\u2019una llengua regional o minorit\u00e0ria, i a no oposar-se a la retransmissi\u00f3 d\u2019emissions de r\u00e0dio i de televisi\u00f3 dels pa\u00efsos ve\u00efns en aquesta llengua. Es comprometen, a m\u00e9s, a garantir que no sigui imposada a la premsa cap restricci\u00f3 a la llibertat d\u2019expressi\u00f3 i a la lliure circulaci\u00f3 de la informaci\u00f3 en una llengua usada en una forma id\u00e8ntica o pr\u00f2xima d\u2019una llengua regional o minorit\u00e0ria. L\u2019exercici de les llibertats esmentades m\u00e9s amunt, que comporten deures i responsabilitats, pot ser sotm\u00e8s a certes formalitats, condicions, restriccions o sancions previstes per la llei, que constitueixen mesures necess\u00e0ries, en una societat democr\u00e0tica, per a la seguretat<br \/>\nnacional, per a la integritat territorial o per a la seguretat p\u00fablica, per a la defensa de l\u2019ordre i per a la prevenci\u00f3 de la delinq\u00fc\u00e8ncia, per a la protecci\u00f3 de la salut o de la moral, per a la protecci\u00f3 de la reputaci\u00f3 o dels drets d\u2019altri, per impedir la divulgaci\u00f3 d\u2019informacions confidencials, o per garantir l\u2019autoritat i la imparcialitat del poder judicial.\n<\/p><\/blockquote>\n<p>Esperem que la just\u00edcia s&#8217;impose, a pesar que els membres del poder judicial &mdash;que ni redacten ni atenen en valenci\u00e0 tant com implica l&#8217;oficialitat ling\u00fc\u00edstica&mdash; no s\u00e0pien protegir els interessos dels ciutadans enfront de&#8230; \u00bfquin b\u00e9 protegix el govern valenci\u00e0 amb el tancament de les reemissions de <span class=\"versaleta\">tv3<\/span>?<\/p>\n","protected":false},"excerpt":{"rendered":"<p>El govern de Francisco Camps (pp) mant\u00e9 la seua amena\u00e7a contra els ciutadans valencians que preferixen informar-se i expressar-se a trav\u00e9s de l&#8217;emissora p\u00fablica tv3 (i la resta de canals de Televisi\u00f3 de Catalunya). Segons els titulars del web d&#8217;Acci\u00f3 Cultural del Pa\u00eds Valenci\u00e0 (16.11.2007): La Generalitat Valenciana executar\u00e0 for\u00e7osament la clausura dels repetidors de [&hellip;]<\/p>\n","protected":false},"author":2,"featured_media":0,"comment_status":"open","ping_status":"open","sticky":false,"template":"","format":"standard","meta":{"footnotes":""},"categories":[36,2,1,47,19,34,35],"tags":[48,70,89,90,409,487],"class_list":["post-230","post","type-post","status-publish","format-standard","hentry","category-allofobia","category-comunicacio","category-general","category-planificacio","category-politica","category-tv3","category-unio-europea","tag-acpv","tag-avl","tag-carrasqueta","tag-carta-europea","tag-repetidors","tag-tv3"],"_links":{"self":[{"href":"https:\/\/www.cdlpv.org\/dtl\/wp-json\/wp\/v2\/posts\/230","targetHints":{"allow":["GET"]}}],"collection":[{"href":"https:\/\/www.cdlpv.org\/dtl\/wp-json\/wp\/v2\/posts"}],"about":[{"href":"https:\/\/www.cdlpv.org\/dtl\/wp-json\/wp\/v2\/types\/post"}],"author":[{"embeddable":true,"href":"https:\/\/www.cdlpv.org\/dtl\/wp-json\/wp\/v2\/users\/2"}],"replies":[{"embeddable":true,"href":"https:\/\/www.cdlpv.org\/dtl\/wp-json\/wp\/v2\/comments?post=230"}],"version-history":[{"count":0,"href":"https:\/\/www.cdlpv.org\/dtl\/wp-json\/wp\/v2\/posts\/230\/revisions"}],"wp:attachment":[{"href":"https:\/\/www.cdlpv.org\/dtl\/wp-json\/wp\/v2\/media?parent=230"}],"wp:term":[{"taxonomy":"category","embeddable":true,"href":"https:\/\/www.cdlpv.org\/dtl\/wp-json\/wp\/v2\/categories?post=230"},{"taxonomy":"post_tag","embeddable":true,"href":"https:\/\/www.cdlpv.org\/dtl\/wp-json\/wp\/v2\/tags?post=230"}],"curies":[{"name":"wp","href":"https:\/\/api.w.org\/{rel}","templated":true}]}}