{"id":23,"date":"2006-11-23T19:41:04","date_gmt":"2006-11-23T17:41:04","guid":{"rendered":"http:\/\/www.cdlpv.org\/dtl\/?p=23"},"modified":"2006-11-23T19:41:04","modified_gmt":"2006-11-23T17:41:04","slug":"despesa-en-politica-linguistica","status":"publish","type":"post","link":"https:\/\/www.cdlpv.org\/dtl\/2006\/11\/23\/despesa-en-politica-linguistica\/","title":{"rendered":"Despesa en pol\u00edtica ling\u00fc\u00edstica (1)"},"content":{"rendered":"<p>Les administracions p\u00fabliques publiciten les grans quantitats dels seus pressupostos, per no sempre donen les dades en un context comprensible. Per emmarcar millor eixes dades pressupost\u00e0ries que solen destacar amb finalitats m\u00e9s aviat publicit\u00e0ries, conv\u00e9 tindre altres dades amb les quals contrastar les xifres.<\/p>\n<p>A continuaci\u00f3 presentem un quadre que pot ajudar a entendre qu\u00e8 suposen en concret (en euros per habitant) les quantitats destinades a gestionar les oportunitats i resoldre els problemes de la societat valenciana, en este cas, en l&#8217;\u00e0mbit de gesti\u00f3 de la pol\u00edtica ling\u00fc\u00edstica.<\/p>\n<table align=\"center\" border=\"1\" cellspacing=\"2\" cellpadding=\"3\">\n<tr>\n<th colspan=\"4\">\n<h3>Taula comparativa<br \/> Pressupost 2006 &#8211; Pol\u00edtica ling\u00fc\u00edstica<\/h3>\n<\/th>\n<\/tr>\n<tr>\n<td> <\/td>\n<td>\n<strong>Pressupost<br \/>Pol\u00edtica ling\u00fc\u00edstica 2006<\/strong>\n<\/td>\n<td>\n<strong>Habitants 2005<\/strong>\n<\/td>\n<td>\n<strong>Despesa en pol\u00edtica ling\u00fc\u00edstica per habitant<\/strong>\n<\/td>\n<\/tr>\n<tr>\n<td>Illes Balears<\/td>\n<td><strong>4.154.789 \u20ac<\/strong> <br \/>Direcci\u00f3 General de Pol\u00edtica Ling\u00fc\u00edstica<\/td>\n<td>983.131<\/td>\n<td>4,226 \u20ac<\/td>\n<\/tr>\n<tr>\n<td>Euskadi<\/td>\n<td><strong>60.489.699 \u20ac<\/strong><br \/>Viceconsejer\u00eda de Pol\u00edtica Ling\u00fc\u00edstica <br \/>(44.982.755 \u20ac) <br \/>+ <br \/>HABE (Instituto para la Alfabetizaci\u00f3n y Reeuskaldunizaci\u00f3n de Adultos) <br \/>(15.506.944 \u20ac )<\/td>\n<td>2.124.846<\/td>\n<td>28,467 \u20ac<\/td>\n<\/tr>\n<tr>\n<td>Catalunya<\/td>\n<td><strong>27.162.169 \u20ac<\/strong><br \/>Secretaria de Pol\u00edtica Ling\u00fc\u00edstica (14.000.000 \u20ac &#8211; Aportacions a Consorci per a la Normalitzaci\u00f3 Ling\u00fc\u00edstica <br \/>Incl\u00f2s en Secretaria de PL) <\/td>\n<td>6.995.206<\/td>\n<td>3,882 \u20ac<\/td>\n<\/tr>\n<tr>\n<td>Pa\u00eds Valenci\u00e0<\/td>\n<td><strong>6.479.820 \u20ac<\/strong> <br \/>\u00c0rea de Pol\u00edtica Ling\u00fc\u00edstica <br \/>(Acad\u00e8mia Valenciana de la Llengua: 3.683.540 \u20ac)<\/td>\n<td>4.692.449<\/td>\n<td>1,380 \u20ac<\/td>\n<\/tr>\n<tr>\n<td colspan=\"4\">\n<p>La consignaci\u00f3 pressupost\u00e0ria 2006 de la Generaliat valenciana per a la promoci\u00f3 del valenci\u00e0 \u00e9s 6.479.820 euros. En concret, per a ajudes als ajuntaments s&#8217;ha redu\u00eft en 33.000 euros: actualment \u00e9s de 456.000 euros, mentres que l\u2019any 2005 va ser de 489.900 euros.<\/p>\n<hr \/>\n<p>Les dades permeten vore, per exemple, com s&#8217;ho feren ja a partir de 1983 al Pa\u00eds Basc en alfabetitzaci\u00f3 d&#8217;adults. La llei de creaci\u00f3 de l&#8217;HABE sembla impensable ac\u00ed vora 25 anys despr\u00e9s. Cal ressaltar que el pressupost per a l&#8217;HABE 2006 \u00e9s de 15.506.944 euros i el de la Viceconsejer\u00eda de Pol\u00edtica Ling\u00fc\u00edstica 44.982.755 euros (total: 60.489.699 \u20ac).<\/p>\n<\/td>\n<\/tr>\n<tr>\n<td colspan=\"4\">\n<p align=\"right\"><tt>Font: elaboraci\u00f3 de la CDLPV a partir de dades p\u00fabliques.<\/tt><\/p>\n<\/td>\n<\/tr>\n<\/table>\n<hr \/>\n<p>Una volta vist el quadre anterior, podem llegir amb m\u00e9s aprofitament la not\u00edcia de l&#8217;ag\u00e8ncia Europa Press que vam poder llegir en Vilaweb (22.11.2006 dc.):<\/p>\n<blockquote>\n<p><strong>La FVMP subvenciona amb 456.000 euros la promoci\u00f3 del valenci\u00e0 als ajuntaments<\/strong><\/p>\n<p><tt>VAL\u00c8NCIA, 22.11.2006 (EUROPA PRESS)<\/tt><\/p>\n<p>La Federaci\u00f3 Valenciana de Municipis i Prov\u00edncies (FVMP) subvenciona amb 456.000 euros la promoci\u00f3 del valenci\u00e0 als ajuntaments, segons ha indicat hui el president d&#8217;esta entitat i alcalde d&#8217;Altea (Marina Baixa), Miguel Ortiz, qui ha subratllat en un comunicat que gr\u00e0cies al conveni de col\u00b7laboraci\u00f3 amb la Conselleria de Cultura, Educaci\u00f3 i Esports, la FVMP \u00abha promocionat i donat impuls a accions a favor de l&#8217;\u00fas del valenci\u00e0 en l&#8217;\u00e0mbit de l&#8217;administraci\u00f3 local, i ha subvencionat les activitats que els municipis organitzen en este sentit\u00bb.<\/p>\n<p>Ortiz ha indicat que enguany un total de 191 entitats locals i 64 oficines municipals de promoci\u00f3 ling\u00fc\u00edstica han sol\u00b7licitat a la FVMP estes ajudes econ\u00f2miques, front a les 189 entitats locals i 58 oficines de promoci\u00f3 ling\u00fc\u00edstica que ho van demanar el 2005.<\/p>\n<p>En este sentit ha explicat que han subvencionat ajudes relatives a retolaci\u00f3 i senyalitzaci\u00f3 en valenci\u00e0 dels indicadors urbans, de carrers i la senyalitzaci\u00f3 exterior i interior dels edificis municipals i els camins; cursos i campanyes municipals i creaci\u00f3 i funcionament d&#8217;oficines de sensibilitzaci\u00f3 i promoci\u00f3 de l&#8217;\u00fas del valenci\u00e0.<\/p>\n<p>A m\u00e9s, ha indicat que dins de les accions realitzades per la FVMP per a la promoci\u00f3 de l&#8217;\u00fas del valenci\u00e0, \u00abtamb\u00e9 est\u00e0 donant suport a la traducci\u00f3 i correcci\u00f3 de textos de les publicacions pr\u00f2pies de l&#8217;entitat i l&#8217;assessorament a les entitats locals en aquelles q\u00fcestions que condu\u00efsquen a un millor treball en la promoci\u00f3 de l&#8217;\u00fas del valenci\u00e0; i tamb\u00e9 l&#8217;organitzaci\u00f3 de cursos entre el personal de la FVMP, per a preparar per a l&#8217;examen del certificat de nivell elemental i mitj\u00e0 de la Junta Qualificadora de Coneixements del Valenci\u00e0 i el reciclatge o formaci\u00f3 cont\u00ednua de les persones que ja en disposen\u00bb.<\/p>\n<\/blockquote>\n","protected":false},"excerpt":{"rendered":"<p>Les administracions p\u00fabliques publiciten les grans quantitats dels seus pressupostos, per no sempre donen les dades en un context comprensible. Per emmarcar millor eixes dades pressupost\u00e0ries que solen destacar amb finalitats m\u00e9s aviat publicit\u00e0ries, conv\u00e9 tindre altres dades amb les quals contrastar les xifres. A continuaci\u00f3 presentem un quadre que pot ajudar a entendre qu\u00e8 [&hellip;]<\/p>\n","protected":false},"author":4,"featured_media":0,"comment_status":"open","ping_status":"open","sticky":false,"template":"","format":"standard","meta":{"footnotes":""},"categories":[1,47,19,21,28],"tags":[108,141,252,368,383],"class_list":["post-23","post","type-post","status-publish","format-standard","hentry","category-general","category-planificacio","category-politica","category-pressuposts","category-subvencions","tag-comparativa","tag-despesa","tag-inversio","tag-planificacio","tag-pressupost"],"_links":{"self":[{"href":"https:\/\/www.cdlpv.org\/dtl\/wp-json\/wp\/v2\/posts\/23","targetHints":{"allow":["GET"]}}],"collection":[{"href":"https:\/\/www.cdlpv.org\/dtl\/wp-json\/wp\/v2\/posts"}],"about":[{"href":"https:\/\/www.cdlpv.org\/dtl\/wp-json\/wp\/v2\/types\/post"}],"author":[{"embeddable":true,"href":"https:\/\/www.cdlpv.org\/dtl\/wp-json\/wp\/v2\/users\/4"}],"replies":[{"embeddable":true,"href":"https:\/\/www.cdlpv.org\/dtl\/wp-json\/wp\/v2\/comments?post=23"}],"version-history":[{"count":0,"href":"https:\/\/www.cdlpv.org\/dtl\/wp-json\/wp\/v2\/posts\/23\/revisions"}],"wp:attachment":[{"href":"https:\/\/www.cdlpv.org\/dtl\/wp-json\/wp\/v2\/media?parent=23"}],"wp:term":[{"taxonomy":"category","embeddable":true,"href":"https:\/\/www.cdlpv.org\/dtl\/wp-json\/wp\/v2\/categories?post=23"},{"taxonomy":"post_tag","embeddable":true,"href":"https:\/\/www.cdlpv.org\/dtl\/wp-json\/wp\/v2\/tags?post=23"}],"curies":[{"name":"wp","href":"https:\/\/api.w.org\/{rel}","templated":true}]}}