{"id":2296,"date":"2011-10-04T12:21:54","date_gmt":"2011-10-04T10:21:54","guid":{"rendered":"http:\/\/www.cdlpv.org\/dtl\/?p=2296"},"modified":"2011-10-04T12:21:54","modified_gmt":"2011-10-04T10:21:54","slug":"flaixos-sobre-politica-linguistica-i-cinema","status":"publish","type":"post","link":"https:\/\/www.cdlpv.org\/dtl\/2011\/10\/04\/flaixos-sobre-politica-linguistica-i-cinema\/","title":{"rendered":"Flaixos sobre pol\u00edtica ling\u00fc\u00edstica i cinema"},"content":{"rendered":"<p>Els <em>Flaixos d\u2019Actualitat<\/em> (<a href=\"http:\/\/www6.gencat.cat\/llengcat\/Flaixos_78\/www20.gencat.cat\/portal\/site\/Llengcat\/menuitem.08f45c9e3857090e3285bdb1b0c0e1a0\/index88fa.html\" target=\"_blank\">n\u00fam. 78<\/a>, 03.10.2011) ens envien, entre altres, la informaci\u00f3 seg\u00fcent:<\/p>\n<blockquote>\n<h2>Informe de pol\u00edtica ling\u00fc\u00edstica 2010<\/h2>\n<h3>El conseller de Cultura l&#8217;ha lliurat a la presidenta del Parlament<\/h3>\n<p>El 21 de setembre, el conseller de Cultura, Ferran Mascarell, acompanyat de la directora general de Pol\u00edtica Ling\u00fc\u00edstica, Yvonne Griley, ha lliurat l\u2019Informe de pol\u00edtica ling\u00fc\u00edstica 2010 a la presidenta del Parlament de Catalunya, N\u00faria de Gispert.<\/p>\n[&#8230;]\n<p>L&#8217;informe complet es pot consultar a: <a href=\"http:\/\/www.gencat.cat\/llengua\/informe\" target=\"_blank\">http:\/\/www.gencat.cat\/llengua\/informe<\/a><\/p>\n<hr>\n<h2>Acord per incrementar la pres\u00e8ncia del catal\u00e0 al cinema<\/h2>\n<p>El Departament de Cultura, el Gremi d\u2019Empresaris de Cinema de Catalunya i la Federaci\u00f3 de Distribu\u00efdors Cinematogr\u00e0fics (Fedicine) han signat un acord per incrementar la pres\u00e8ncia del catal\u00e0 a les pantalles de cinema.<\/p>\n[&#8230;]\n<p>El conseller de Cultura, Ferran Mascarell, ha destacat la import\u00e0ncia de l\u2019acord, que suposar\u00e0 un increment notable de l\u2019oferta en llengua catalana del cinema produ\u00eft als Estats Units. Si el nombre d\u2019espectadors de cinema en catal\u00e0 va ser de 150.000 l\u2019any 2010, per a l\u2019any 2012 s\u2019espera que sigui un mili\u00f3 i mig. El conseller ha fet notar tamb\u00e9 la import\u00e0ncia que la ciutadania aprofiti l\u2019oferta de cinema en llengua catalana que hi haur\u00e0.\n<\/p><\/blockquote>\n<p>Quant a l&#8217;acord per a la pres\u00e8ncia del catal\u00e0 en el cinema, a pesar de les <a href=\"http:\/\/www.racocatala.cat\/noticia\/27229\/plataforma-llengua-celebra-lacord-pel-cinema-pero-recorda-fixa-llei\" target=\"_blank\">prevencions<\/a> de la Plataforma per la Llengua, esperem que l&#8217;efecte arribe tamb\u00e9 als valencians.<\/p>\n","protected":false},"excerpt":{"rendered":"<p>Els Flaixos d\u2019Actualitat (n\u00fam. 78, 03.10.2011) ens envien, entre altres, la informaci\u00f3 seg\u00fcent: Informe de pol\u00edtica ling\u00fc\u00edstica 2010 El conseller de Cultura l&#8217;ha lliurat a la presidenta del Parlament El 21 de setembre, el conseller de Cultura, Ferran Mascarell, acompanyat de la directora general de Pol\u00edtica Ling\u00fc\u00edstica, Yvonne Griley, ha lliurat l\u2019Informe de pol\u00edtica ling\u00fc\u00edstica [&hellip;]<\/p>\n","protected":false},"author":2,"featured_media":0,"comment_status":"open","ping_status":"open","sticky":false,"template":"","format":"standard","meta":{"footnotes":""},"categories":[42,4,1,47,19],"tags":[96,206,274],"class_list":["post-2296","post","type-post","status-publish","format-standard","hentry","category-cinema-comunicacio","category-dret","category-general","category-planificacio","category-politica","tag-catalunya","tag-flaixos-dactualitat","tag-legislacio"],"_links":{"self":[{"href":"https:\/\/www.cdlpv.org\/dtl\/wp-json\/wp\/v2\/posts\/2296","targetHints":{"allow":["GET"]}}],"collection":[{"href":"https:\/\/www.cdlpv.org\/dtl\/wp-json\/wp\/v2\/posts"}],"about":[{"href":"https:\/\/www.cdlpv.org\/dtl\/wp-json\/wp\/v2\/types\/post"}],"author":[{"embeddable":true,"href":"https:\/\/www.cdlpv.org\/dtl\/wp-json\/wp\/v2\/users\/2"}],"replies":[{"embeddable":true,"href":"https:\/\/www.cdlpv.org\/dtl\/wp-json\/wp\/v2\/comments?post=2296"}],"version-history":[{"count":0,"href":"https:\/\/www.cdlpv.org\/dtl\/wp-json\/wp\/v2\/posts\/2296\/revisions"}],"wp:attachment":[{"href":"https:\/\/www.cdlpv.org\/dtl\/wp-json\/wp\/v2\/media?parent=2296"}],"wp:term":[{"taxonomy":"category","embeddable":true,"href":"https:\/\/www.cdlpv.org\/dtl\/wp-json\/wp\/v2\/categories?post=2296"},{"taxonomy":"post_tag","embeddable":true,"href":"https:\/\/www.cdlpv.org\/dtl\/wp-json\/wp\/v2\/tags?post=2296"}],"curies":[{"name":"wp","href":"https:\/\/api.w.org\/{rel}","templated":true}]}}