{"id":2287,"date":"2011-09-15T13:51:55","date_gmt":"2011-09-15T11:51:55","guid":{"rendered":"http:\/\/www.cdlpv.org\/dtl\/?p=2287"},"modified":"2011-09-15T13:51:55","modified_gmt":"2011-09-15T11:51:55","slug":"flaixos-sobre-toponimia-legislacio-i-convenis","status":"publish","type":"post","link":"https:\/\/www.cdlpv.org\/dtl\/2011\/09\/15\/flaixos-sobre-toponimia-legislacio-i-convenis\/","title":{"rendered":"Flaixos sobre topon\u00edmia, legislaci\u00f3 i convenis"},"content":{"rendered":"<p>Els <em>Flaixos d\u2019Actualitat<\/em> (<a href=\"http:\/\/www6.gencat.cat\/llengcat\/Flaixos_77\/www20.gencat.cat\/portal\/site\/Llengcat\/menuitem.08f45c9e3857090e3285bdb1b0c0e1a0\/index88fa.html\" target=\"_blank\">n\u00fam. 77<\/a>, 14.09.2011) ens envien, entre altres, la informaci\u00f3 seg\u00fcent:<\/p>\n<blockquote>\n<h2>Canvi de denominaci\u00f3 de les prov\u00edncies basques<\/h2>\n<p>Les Corts Generals de l\u2019Estat han aprovat la Llei 19\/2011, de 5 de juliol, per la qual passen a denominar-se oficialment \u00abAraba\/\u00c1lava\u00bb, \u00abGipuzkoa\u00bb i \u00abBizkaia\u00bb les demarcacions provincials anomenades anteriorment \u00ab\u00c1lava\u00bb, \u00abGuip\u00fazcoa\u00bb i \u00abVizcaya\u00bb.<\/p>\n<p>Podeu consultar-ne el text en el <span class=\"versaleta\"><em>boe<\/em><\/span> n\u00fam. 160, de 6 de juliol de 2011. <a href=\"http:\/\/www.boe.es\/boe_catalan\/dias\/2011\/07\/06\/pdfs\/BOE-A-2011-11606-C.pdf\" target=\"_blank\"><span class=\"versaleta\">[pdf]<\/span><\/a><\/p>\n<h2>Conveni pel foment de la ind\u00fastria cinematogr\u00e0fica i audiovisual en catal\u00e0<\/h2>\n<p>El Ministeri de Cultura, a trav\u00e9s de l\u2019Institut de la Cinematografia i les Arts Audiovisuals, ha signat un conveni de co&#320;laboraci\u00f3 per fomentar la producci\u00f3, distribuci\u00f3 i promoci\u00f3 de la ind\u00fastria cinematogr\u00e0fica i audiovisual en catal\u00e0 amb l\u2019Institut Catal\u00e0 d&#8217;Ind\u00fastries Culturals. Amb la mateixa finalitat, l\u2019Institut estatal tamb\u00e9 ha signat convenis an\u00e0legs amb la Conselleria d\u2019Educaci\u00f3 i Cultura del Govern de les Illes Balears i amb l\u2019Institut Valenci\u00e0 de l\u2019Audiovisual i de la Cinematografia. Tres resolucions de 6 de juliol, de 26 de juliol i de 24 de juny de 2011 , de la Secretaria General T\u00e8cnica del Ministeri de Cultura, publicades al <span class=\"versaleta\"><em>boe<\/em><\/span> n\u00fam. 175, de 22 de juliol, al n\u00fam. 192, d\u201911 d\u2019agost, i al n\u00fam. 164, d\u201911 de juliol, transcriuen els convenis de co&#320;laboraci\u00f3 entre l\u2019Institut de la Cinematografia i de les Arts Audiovisuals i la Comunitat Aut\u00f2noma de Catalunya, en un cas, i la Comunitat Aut\u00f2noma de les Illes Balears i la Generalitat Valenciana en els altres, per fomentar la producci\u00f3, distribuci\u00f3 i promoci\u00f3 de la ind\u00fastria cinematogr\u00e0fica i audiovisual en llengua cooficial diferent del castell\u00e0. En el <span class=\"versaleta\"><em>boe<\/em><\/span> n\u00fam. 164 i en el n\u00fam. 175 tamb\u00e9 es publiquen els convenis del mateix Institut estatal amb els organismes corresponents de Navarra i Gal\u00edcia. Els convenis amb aquesta finalitat estan previstos a la Llei estatal del cinema de 2007.<\/p>\n<p>Podeu consultar el conveni amb Catalunya a en el <a href=\"http:\/\/www.boe.es\/aeboe\/consultas\/bases_datos\/doc.php?id=BOE-A-2011-12701\" target=\"_blank\"><span class=\"versaleta\"><em>boe<\/em><\/span><\/a>.<\/p>\n<h2>Llei del Registre Civil<\/h2>\n<p>Les Corts Generals de l\u2019Estat han aprovat la Llei 20\/2011, de 21 de juliol, del Registre Civil. La llei entrar\u00e0 en vigor d\u2019aqu\u00ed a tres anys, per\u00edode durant el qual el Ministeri de Just\u00edcia ha d\u2019adoptar les mesures i els canvis normatius necessaris que afectin l\u2019organitzaci\u00f3 i el funcionament dels registres civils dins del proc\u00e9s de modernitzaci\u00f3 de la just\u00edcia. La regulaci\u00f3 ling\u00fc\u00edstica que la Llei 20\/2011 inclou \u00e9s semblant a la de la legislaci\u00f3 actualment vigent ja que, tot i ser del 1957, ha patit successives modificacions que preveuen l\u2019\u00fas de les lleng\u00fces pr\u00f2pies diferents del castell\u00e0.<\/p>\n<p>La Llei 20\/2011 es pot consultar al suplement en llengua catalana del BOE n\u00fam. 175, de 22 de juliol. <a href=\"http:\/\/www.boe.es\/boe_catalan\/dias\/2011\/07\/22\/pdfs\/BOE-A-2011-12628-C.pdf\" target=\"_blank\"><span class=\"versaleta\">[pdf]<\/span><\/a><\/p>\n<h2>Convenis per al foment de l\u2019\u00fas del catal\u00e0 a l\u2019Administraci\u00f3 de just\u00edcia, als registres de la propietat mercantil i a les notaries de Catalunya<\/h2>\n<p>El 26 de de juliol la consellera de Just\u00edcia, Pilar Fern\u00e1ndez Bozal, i el conseller de Cultura, Ferran Mascarell, van signar tres convenis amb el Deganat Auton\u00f2mic dels Registradors de la Propietat, Mercantils i de B\u00e9ns Mobles de Catalunya; el Co&#320;legi de Notaris de Catalunya, i el Consell de Co&#320;legis de Procuradors dels Tribunals de Catalunya. D\u2019acord amb els convenis signats, s\u2019estableix el Pla d\u2019actuacions que s\u2019ha de dur a terme durant l\u2019any 2011 aix\u00ed com la seva posterior avaluaci\u00f3.<\/p>\n<p><a href=\"http:\/\/www20.gencat.cat\/portal\/site\/Llengcat\/menuitem.df5fba67cac781e7a129d410b0c0e1a0\/?vgnextoid=fe8c949b22741110VgnVCM1000000b0c1e0aRCRD&#038;vgnextchannel=fe8c949b22741110VgnVCM1000000b0c1e0aRCRD&#038;vgnextfmt=detall&#038;contentid=43477f55f4661310VgnVCM2000009b0c1e0aRCRD\" target=\"_blank\">M\u00e9s informaci\u00f3<\/a>: \u00abEls departaments de Just\u00edcia i Cultura signen tres convenis amb els co&#320;legis de procuradors, registradors i notaris per fomentar l&#8217;\u00fas del catal\u00e0\u00bb\n<\/p><\/blockquote>\n","protected":false},"excerpt":{"rendered":"<p>Els Flaixos d\u2019Actualitat (n\u00fam. 77, 14.09.2011) ens envien, entre altres, la informaci\u00f3 seg\u00fcent: Canvi de denominaci\u00f3 de les prov\u00edncies basques Les Corts Generals de l\u2019Estat han aprovat la Llei 19\/2011, de 5 de juliol, per la qual passen a denominar-se oficialment \u00abAraba\/\u00c1lava\u00bb, \u00abGipuzkoa\u00bb i \u00abBizkaia\u00bb les demarcacions provincials anomenades anteriorment \u00ab\u00c1lava\u00bb, \u00abGuip\u00fazcoa\u00bb i \u00abVizcaya\u00bb. Podeu [&hellip;]<\/p>\n","protected":false},"author":2,"featured_media":0,"comment_status":"open","ping_status":"open","sticky":false,"template":"","format":"standard","meta":{"footnotes":""},"categories":[4,1,47,19],"tags":[96,206,274,346],"class_list":["post-2287","post","type-post","status-publish","format-standard","hentry","category-dret","category-general","category-planificacio","category-politica","tag-catalunya","tag-flaixos-dactualitat","tag-legislacio","tag-pais-basc"],"_links":{"self":[{"href":"https:\/\/www.cdlpv.org\/dtl\/wp-json\/wp\/v2\/posts\/2287","targetHints":{"allow":["GET"]}}],"collection":[{"href":"https:\/\/www.cdlpv.org\/dtl\/wp-json\/wp\/v2\/posts"}],"about":[{"href":"https:\/\/www.cdlpv.org\/dtl\/wp-json\/wp\/v2\/types\/post"}],"author":[{"embeddable":true,"href":"https:\/\/www.cdlpv.org\/dtl\/wp-json\/wp\/v2\/users\/2"}],"replies":[{"embeddable":true,"href":"https:\/\/www.cdlpv.org\/dtl\/wp-json\/wp\/v2\/comments?post=2287"}],"version-history":[{"count":0,"href":"https:\/\/www.cdlpv.org\/dtl\/wp-json\/wp\/v2\/posts\/2287\/revisions"}],"wp:attachment":[{"href":"https:\/\/www.cdlpv.org\/dtl\/wp-json\/wp\/v2\/media?parent=2287"}],"wp:term":[{"taxonomy":"category","embeddable":true,"href":"https:\/\/www.cdlpv.org\/dtl\/wp-json\/wp\/v2\/categories?post=2287"},{"taxonomy":"post_tag","embeddable":true,"href":"https:\/\/www.cdlpv.org\/dtl\/wp-json\/wp\/v2\/tags?post=2287"}],"curies":[{"name":"wp","href":"https:\/\/api.w.org\/{rel}","templated":true}]}}