{"id":2285,"date":"2011-09-14T09:17:13","date_gmt":"2011-09-14T07:17:13","guid":{"rendered":"http:\/\/www.cdlpv.org\/dtl\/?p=2285"},"modified":"2011-09-14T09:17:13","modified_gmt":"2011-09-14T07:17:13","slug":"concurs-didees","status":"publish","type":"post","link":"https:\/\/www.cdlpv.org\/dtl\/2011\/09\/14\/concurs-didees\/","title":{"rendered":"Concurs d&#8217;idees"},"content":{"rendered":"<p>M\u00e9s enll\u00e0 de les campanyes de foment de l&#8217;\u00fas del valenci\u00e0 municipals i auton\u00f2miques repetides i repetitives que han aconseguit establir-se i mantindre una in\u00e8rcia \u2014perqu\u00e8 suposem que alg\u00fa deu haver-ne estudiat l&#8217;efectivitat i el rendiment social\u2014, l&#8217;<a href=\"http:\/\/www.tirant.org\" target=\"_blank\">Associaci\u00f3 C\u00edvica Valenciana Tirant lo Blanc<\/a> proposa un petit esfor\u00e7 inte&#320;lectual amb recompensa:<\/p>\n<blockquote>\n<h2>I Concurs d&#8217;idees per a fomentar l&#8217;\u00fas del valenci\u00e0<\/h2>\n<h3>Dotat amb 3.000 euros de premi.<br \/>\n<br \/>Termini per a presentar projectes fins al 8 d&#8217;octubre del 2011<\/h3>\n<p>En el marc del seu vint\u00e9 aniversari, l&#8217;<span class=\"versaleta\">acv<\/span> Tirant lo Blanc convoca el I Concurs d&#8217;idees per a fomentar l&#8217;\u00fas del valenci\u00e0 en qualsevol \u00e0mbit social. L&#8217;objectiu del concurs \u00e9s promoure projectes que tinguen per finalitat fomentar l&#8217;\u00fas del valenci\u00e0 mitjan\u00e7ant actuacions adre\u00e7ades a un \u00e0mbit social determinat (joves, nouvinguts, infantesa, jubilats, universitaris, etc.), a un sector econ\u00f2mic concret (empresa, comer\u00e7, noves tecnologies, ind\u00fastria audiovisual, hostaleria, etc.) o a la poblaci\u00f3 en general.<\/p>\n<p>El concurs est\u00e0 dotat amb 3.000 euros de premi, i el termini per a presentar els projectes finalitza el 8 d&#8217;octubre del 2011. Poden presentar projectes tant persones a t\u00edtol individual com entitats sense \u00e0nim de lucre i empreses privades.<\/p>\n<p>Consulteu les bases <a href=\"http:\/\/www.tirant.org\/documents\/concurs_didees.pdf\" target=\"_blank\"><span class=\"versaleta\">[pdf]<\/span><\/a>. Podeu demanar m\u00e9s informaci\u00f3 al c\/e <a href=\"mailto:projectes@tirant.org\" target=\"_blank\">projectes@tirant.org<\/a> o al tel. 607 632 248.\n<\/p><\/blockquote>\n","protected":false},"excerpt":{"rendered":"<p>M\u00e9s enll\u00e0 de les campanyes de foment de l&#8217;\u00fas del valenci\u00e0 municipals i auton\u00f2miques repetides i repetitives que han aconseguit establir-se i mantindre una in\u00e8rcia \u2014perqu\u00e8 suposem que alg\u00fa deu haver-ne estudiat l&#8217;efectivitat i el rendiment social\u2014, l&#8217;Associaci\u00f3 C\u00edvica Valenciana Tirant lo Blanc proposa un petit esfor\u00e7 inte&#320;lectual amb recompensa: I Concurs d&#8217;idees per a [&hellip;]<\/p>\n","protected":false},"author":2,"featured_media":0,"comment_status":"open","ping_status":"open","sticky":false,"template":"","format":"standard","meta":{"footnotes":""},"categories":[2,1,27,28],"tags":[68,109],"class_list":["post-2285","post","type-post","status-publish","format-standard","hentry","category-comunicacio","category-general","category-sociolinguistica","category-subvencions","tag-associacions","tag-concursos"],"_links":{"self":[{"href":"https:\/\/www.cdlpv.org\/dtl\/wp-json\/wp\/v2\/posts\/2285","targetHints":{"allow":["GET"]}}],"collection":[{"href":"https:\/\/www.cdlpv.org\/dtl\/wp-json\/wp\/v2\/posts"}],"about":[{"href":"https:\/\/www.cdlpv.org\/dtl\/wp-json\/wp\/v2\/types\/post"}],"author":[{"embeddable":true,"href":"https:\/\/www.cdlpv.org\/dtl\/wp-json\/wp\/v2\/users\/2"}],"replies":[{"embeddable":true,"href":"https:\/\/www.cdlpv.org\/dtl\/wp-json\/wp\/v2\/comments?post=2285"}],"version-history":[{"count":0,"href":"https:\/\/www.cdlpv.org\/dtl\/wp-json\/wp\/v2\/posts\/2285\/revisions"}],"wp:attachment":[{"href":"https:\/\/www.cdlpv.org\/dtl\/wp-json\/wp\/v2\/media?parent=2285"}],"wp:term":[{"taxonomy":"category","embeddable":true,"href":"https:\/\/www.cdlpv.org\/dtl\/wp-json\/wp\/v2\/categories?post=2285"},{"taxonomy":"post_tag","embeddable":true,"href":"https:\/\/www.cdlpv.org\/dtl\/wp-json\/wp\/v2\/tags?post=2285"}],"curies":[{"name":"wp","href":"https:\/\/api.w.org\/{rel}","templated":true}]}}