{"id":2282,"date":"2011-09-05T11:59:37","date_gmt":"2011-09-05T09:59:37","guid":{"rendered":"http:\/\/www.cdlpv.org\/dtl\/?p=2282"},"modified":"2011-09-05T11:59:37","modified_gmt":"2011-09-05T09:59:37","slug":"ii-festa-estelles","status":"publish","type":"post","link":"https:\/\/www.cdlpv.org\/dtl\/2011\/09\/05\/ii-festa-estelles\/","title":{"rendered":"II Festa Estell\u00e9s"},"content":{"rendered":"<p>La segona Festa Estell\u00e9s que espenta amb molt d&#8217;encert el company lletraferit i t\u00e8cnic ling\u00fc\u00edstic Josep Lozano Lerma va fent forat. Segons Vilaweb <a href=\"http:\/\/www.vilaweb.cat\/noticia\/3924614\/20110903\/ii-festa-estelles-comenca-espurnejar.html\" target=\"_blank\">(03.09.2011)<\/a>:<\/p>\n<blockquote>\n<h2>La II Festa Estell\u00e9s comen\u00e7a a espurnejar<\/h2>\n<h3>VilaWeb se sumar\u00e0 a la festa obrint l&#8217;Espai VilaWeb a tothom, per llegir els poemes d&#8217;Estell\u00e9s \u2022 Ser\u00e0 dimecres 7 de setembre a les 19.00<\/h3>\n<p>Al voltant del dia del naixement del poeta Vicent A. Estell\u00e9s (a <a href=\"http:\/\/ca-es.facebook.com\/pages\/Vicent-Andr%C3%A9s-Estell%C3%A9s\/37300396517\" target=\"_blank\">facebook<\/a>), 4 de setembre, es convoca la segona edici\u00f3 de la Festa Estell\u00e9s, que vol celebrar i homenatjar el poeta arreu del pa\u00eds. Aquest cap de setmana comencen a espurnejar sopars i actes ben diversos a Alginet, X\u00e0tiva, B\u00e9tera, Cullera, Manuel, Burjassot, Barcelona&#8230; Moltes altres poblacions, entitats i particulars ho faran durant la setmana que ve. VilaWeb tamb\u00e9 s&#8217;hi sumar\u00e0, com l&#8217;any passat, el dimecres 7 de setembre, a l&#8217;Espai VilaWeb (carrer Ferlandina, 43), convocant a tots els amants d&#8217;Estell\u00e9s a llegir els seus poemes, a partir de les 19.00 (<a href=\"http:\/\/www.vilaweb.tv\/?video=6305\" target=\"_blank\">v\u00eddeo<\/a>).<\/p>\n<p>Un sopar ahir al vespre a Alginet i un altre a Picanya han estat dels primers actes a obrir la segona edici\u00f3 de la Festa Estell\u00e9s. D&#8217;Alginet \u00e9s Josep Lozano, l&#8217;escriptor que va llan\u00e7ar la crida per celebrar la festa arreu.\n<\/p><\/blockquote>\n","protected":false},"excerpt":{"rendered":"<p>La segona Festa Estell\u00e9s que espenta amb molt d&#8217;encert el company lletraferit i t\u00e8cnic ling\u00fc\u00edstic Josep Lozano Lerma va fent forat. Segons Vilaweb (03.09.2011): La II Festa Estell\u00e9s comen\u00e7a a espurnejar VilaWeb se sumar\u00e0 a la festa obrint l&#8217;Espai VilaWeb a tothom, per llegir els poemes d&#8217;Estell\u00e9s \u2022 Ser\u00e0 dimecres 7 de setembre a les [&hellip;]<\/p>\n","protected":false},"author":2,"featured_media":0,"comment_status":"open","ping_status":"open","sticky":false,"template":"","format":"standard","meta":{"footnotes":""},"categories":[2,1,27],"tags":[279],"class_list":["post-2282","post","type-post","status-publish","format-standard","hentry","category-comunicacio","category-general","category-sociolinguistica","tag-literatura"],"_links":{"self":[{"href":"https:\/\/www.cdlpv.org\/dtl\/wp-json\/wp\/v2\/posts\/2282","targetHints":{"allow":["GET"]}}],"collection":[{"href":"https:\/\/www.cdlpv.org\/dtl\/wp-json\/wp\/v2\/posts"}],"about":[{"href":"https:\/\/www.cdlpv.org\/dtl\/wp-json\/wp\/v2\/types\/post"}],"author":[{"embeddable":true,"href":"https:\/\/www.cdlpv.org\/dtl\/wp-json\/wp\/v2\/users\/2"}],"replies":[{"embeddable":true,"href":"https:\/\/www.cdlpv.org\/dtl\/wp-json\/wp\/v2\/comments?post=2282"}],"version-history":[{"count":0,"href":"https:\/\/www.cdlpv.org\/dtl\/wp-json\/wp\/v2\/posts\/2282\/revisions"}],"wp:attachment":[{"href":"https:\/\/www.cdlpv.org\/dtl\/wp-json\/wp\/v2\/media?parent=2282"}],"wp:term":[{"taxonomy":"category","embeddable":true,"href":"https:\/\/www.cdlpv.org\/dtl\/wp-json\/wp\/v2\/categories?post=2282"},{"taxonomy":"post_tag","embeddable":true,"href":"https:\/\/www.cdlpv.org\/dtl\/wp-json\/wp\/v2\/tags?post=2282"}],"curies":[{"name":"wp","href":"https:\/\/api.w.org\/{rel}","templated":true}]}}