{"id":228,"date":"2007-11-16T19:39:27","date_gmt":"2007-11-16T18:39:27","guid":{"rendered":"http:\/\/www.cdlpv.org\/dtl\/?p=228"},"modified":"2007-11-16T19:39:27","modified_gmt":"2007-11-16T18:39:27","slug":"sorribes-martinez-comenta-els-usos-linguistics-parlamentaris","status":"publish","type":"post","link":"https:\/\/www.cdlpv.org\/dtl\/2007\/11\/16\/sorribes-martinez-comenta-els-usos-linguistics-parlamentaris\/","title":{"rendered":"Sorribes Mart\u00ednez comenta els usos ling\u00fc\u00edstics parlamentaris"},"content":{"rendered":"<p>Enmig d&#8217;un debat parlamentari sobre la declaraci\u00f3 d&#8217;Ares del Consell de la Generalitat valenciana (2003) &mdash;aquell nou <a href=\"http:\/\/www.geocities.com\/asensi.geo\/Legis\/Arxius\/Requisit\/inf031002.htm\" target=\"_blank\">dec\u00e0leg<\/a> baixat de la muntanya&mdash;, la diputada Sorribes Mart\u00ednez (GP Socialista) de les Corts valencianes ha esmentat el company Joan-Carles Mart\u00ed Casanova (<a href=\"http:\/\/www.google.es\/url?sa=t&#038;ct=res&#038;cd=1&#038;url=http%3A%2F%2Fwww.eltempir.org%2F&#038;ei=z9g9R6nWN5mE-ALJhrly&#038;usg=AFQjCNE_ZAQ4K0lWvrT5leWxnLT99WMnag&#038;sig2=HaYjtNgAPUBzAtFLMab84w\" target=\"_blank\">El Tempir<\/a> &#8211; Elx) fent refer\u00e8ncia a la seua an\u00e0lisi de les dades que oferim en la <a href=\"http:\/\/www.cdlpv.org\/Fitxes\/Textos\/D\/diputats03-07.htm\" target=\"_blank\">fitxa<\/a> corresponent de la <a href=\"http:\/\/www.einesdellengua.org\" target=\"_blank\">CDLPV<\/a> sobre la pr\u00e0ctica ling\u00fc\u00edstica dels diputats valencians en l&#8217;hemicicle.<\/p>\n<p>El fragment \u00e9s el seg\u00fcent (el debat complet, en el <em>Diari de Sessions<\/em> n\u00famero 18 [<a href=\"http:\/\/www.cortsvalencianes.es\/CIC3\/BASIS\/DSCV\/WEB\/DSCV_HTML_V\/DDD\/VII%20000180.html\" target=\"_blank\">HTML<\/a> \/ <a href=\"http:\/\/www.cortsvalencianes.es\/CIC3\/BASIS\/DSCV\/WEB\/DSCV_PDF_V\/DDD\/VII%20000180.pdf\" target=\"_blank\">PDF<\/a>]; vegeu tamb\u00e9 la not\u00edcia del diari <a href=\"http:\/\/www.levante-emv.com\/secciones\/noticia.jsp?pRef=3720_19_369625__Comunitat-Valenciana-rechaza-Declaracion-Ares-para-valenciano-Administracion\" target=\"_blank\"><em>Levante<\/em><\/a>):<\/p>\n<blockquote><p>\nPer tal de no estendre\u2019m massa, no parlar\u00e9 dels mitjans de comunicaci\u00f3, per\u00f2 s\u00ed que ho far\u00e9 sobre un estudi estad\u00edstic de Joan-Carles Mart\u00ed i Casanova sobre l\u2019\u00fas de les lleng\u00fces a les Corts Valencianes en el per\u00edode 2003-2007 sobre el comportament ling\u00fc\u00edstic dels diputats en les seues intervencions en ple i en comissions. Aquest estudi revela que 47 parlaren sempre en castell\u00e0, 28 en valenci\u00e0, 8 preferentment en castell\u00e0, per\u00f2 tamb\u00e9 en valenci\u00e0, i 6 a l\u2019inrev\u00e9s.\n<\/p><\/blockquote>\n<p>Hem de valorar positivament el fet que les dades que oferim en <a href=\"http:\/\/www.einesdellengua.org\" target=\"_blank\">Eines de Llengua<\/a>, i amb les quals pretenem que qualsevol persona s&#8217;acoste una mica m\u00e9s a la realitat pol\u00edtica, social i ling\u00fc\u00edstica del pa\u00eds, hagen estat recollides amb rigor per la diputada com a font per als seus arguments. M\u00e9s encara, ens satisf\u00e0 doblement haver contribu\u00eft a difondre una petita part de les faenes i de les reflexions de Joan-Carles Mart\u00ed Casanova.<\/p>\n","protected":false},"excerpt":{"rendered":"<p>Enmig d&#8217;un debat parlamentari sobre la declaraci\u00f3 d&#8217;Ares del Consell de la Generalitat valenciana (2003) &mdash;aquell nou dec\u00e0leg baixat de la muntanya&mdash;, la diputada Sorribes Mart\u00ednez (GP Socialista) de les Corts valencianes ha esmentat el company Joan-Carles Mart\u00ed Casanova (El Tempir &#8211; Elx) fent refer\u00e8ncia a la seua an\u00e0lisi de les dades que oferim en [&hellip;]<\/p>\n","protected":false},"author":2,"featured_media":0,"comment_status":"open","ping_status":"open","sticky":false,"template":"","format":"standard","meta":{"footnotes":""},"categories":[2,6,1,47,19],"tags":[127,151,447,506],"class_list":["post-228","post","type-post","status-publish","format-standard","hentry","category-comunicacio","category-eines-de-llengua","category-general","category-planificacio","category-politica","tag-corts","tag-diputats-valencians","tag-sorribes","tag-us"],"_links":{"self":[{"href":"https:\/\/www.cdlpv.org\/dtl\/wp-json\/wp\/v2\/posts\/228","targetHints":{"allow":["GET"]}}],"collection":[{"href":"https:\/\/www.cdlpv.org\/dtl\/wp-json\/wp\/v2\/posts"}],"about":[{"href":"https:\/\/www.cdlpv.org\/dtl\/wp-json\/wp\/v2\/types\/post"}],"author":[{"embeddable":true,"href":"https:\/\/www.cdlpv.org\/dtl\/wp-json\/wp\/v2\/users\/2"}],"replies":[{"embeddable":true,"href":"https:\/\/www.cdlpv.org\/dtl\/wp-json\/wp\/v2\/comments?post=228"}],"version-history":[{"count":0,"href":"https:\/\/www.cdlpv.org\/dtl\/wp-json\/wp\/v2\/posts\/228\/revisions"}],"wp:attachment":[{"href":"https:\/\/www.cdlpv.org\/dtl\/wp-json\/wp\/v2\/media?parent=228"}],"wp:term":[{"taxonomy":"category","embeddable":true,"href":"https:\/\/www.cdlpv.org\/dtl\/wp-json\/wp\/v2\/categories?post=228"},{"taxonomy":"post_tag","embeddable":true,"href":"https:\/\/www.cdlpv.org\/dtl\/wp-json\/wp\/v2\/tags?post=228"}],"curies":[{"name":"wp","href":"https:\/\/api.w.org\/{rel}","templated":true}]}}