{"id":2278,"date":"2011-07-22T11:59:48","date_gmt":"2011-07-22T09:59:48","guid":{"rendered":"http:\/\/www.cdlpv.org\/dtl\/?p=2278"},"modified":"2011-07-22T11:59:48","modified_gmt":"2011-07-22T09:59:48","slug":"flaixos-sobre-sexisme-politica-linguistica-manuals-dus-i-humor","status":"publish","type":"post","link":"https:\/\/www.cdlpv.org\/dtl\/2011\/07\/22\/flaixos-sobre-sexisme-politica-linguistica-manuals-dus-i-humor\/","title":{"rendered":"Flaixos sobre sexisme, pol\u00edtica ling\u00fc\u00edstica, manuals d&#8217;\u00fas i humor"},"content":{"rendered":"<p>Els <em>Flaixos d\u2019Actualitat<\/em> (<a href=\"http:\/\/www6.gencat.cat\/llengcat\/Flaixos_76\/www20.gencat.cat\/portal\/site\/Llengcat\/menuitem.08f45c9e3857090e3285bdb1b0c0e1a0\/index88fa.html\" target=\"_blank\">n\u00fam. 76<\/a>, 21.07.2011) ens envien, entre altres, la informaci\u00f3 seg\u00fcent:<\/p>\n<blockquote>\n<h2>El Govern aprova el Decret d\u2019organitzaci\u00f3 transversal de la pol\u00edtica ling\u00fc\u00edstica<\/h2>\n<h3>S\u2019ha publicat al DOGC <a href=\"http:\/\/www.gencat.cat\/diari\/5925\/11187056.htm\" target=\"_blank\">n\u00fam. 5925<\/a>, de 21 de juliol<\/h3>\n<p>El nou decret dota la Direcci\u00f3 General de Pol\u00edtica Ling\u00fc\u00edstica d\u2019una estructura interdepartamental m\u00e9s \u00e0gil i operativa que li garanteix la seva capacitat de penetraci\u00f3 i acci\u00f3 transversal i la coordinaci\u00f3 de l\u2019acci\u00f3 de govern en aquest \u00e0mbit. Ho fa mitjan\u00e7ant dos \u00f2rgans: la Comissi\u00f3 T\u00e8cnica de Pol\u00edtica Ling\u00fc\u00edstica, presidida pel conseller de Cultura i formada pels secretaris generals de cada Departament, i la Xarxa T\u00e8cnica de Pol\u00edtica Ling\u00fc\u00edstica, integrada per personal t\u00e8cnic adscrit als diferents departaments i organismes de la Generalitat, que donar\u00e0 suport a la Comissi\u00f3 i n\u2019executar\u00e0 les iniciatives.<\/p>\n<h2>Guia d\u2019usos no sexistes de la llengua en els textos de l\u2019Administraci\u00f3 de la Generalitat de Catalunya<\/h2>\n<p>La Direcci\u00f3 General de Pol\u00edtica Ling\u00fc\u00edstica ha elaborat un document que permet adaptar els criteris de la Generalitat (publicats a <em>Marcar les difer\u00e8ncies: la representaci\u00f3 de dones i homes a la llengua,<\/em> 2005) als principis generals de l\u2019\u00abAcord sobre l\u2019\u00fas no sexista de la llengua\u00bb, dif\u00f3s durant el mes de novembre del 2010. El document \u00e9s la Guia d\u2019usos no sexistes de la llengua en els textos de l\u2019Administraci\u00f3 de la Generalitat de Catalunya. Es pot consultar al web Llengua catalana: <a href=\"http:\/\/www.gencat.cat\/llengua\/usosnosexistes\" target=\"_blank\"><em>http:\/\/www.gencat.cat\/llengua\/usosnosexistes<\/em><\/a>.<\/p>\n<h2>Nou \u201cManual d\u2019\u00fas\u201d de la Corporaci\u00f3 Catalana de Mitjans Audiovisuals<\/h2>\n<p>El Consell de Govern de la Corporaci\u00f3 Catalana de Mitjans Audiovisuals (CCMA) ha aprovat el Manual d\u2019\u00fas, tercera i \u00faltima part del seu Llibre d\u2019estil, que entre d\u2019altres continguts inclou un apartat dedicat a l\u2019\u00fas de la llengua. S\u2019hi estableix el model d&#8217;est\u00e0ndard ling\u00fc\u00edstic que s\u2019ha d\u2019utilitzar en els mitjans de la Corporaci\u00f3. Aix\u00ed mateix, s&#8217;hi detallen les garanties de qualitat i s&#8217;hi donen les claus dels textos informatius, des de l&#8217;estructura fins a la tria de paraules i recursos expressius, o el tractament de les xifres. Tamb\u00e9 s&#8217;hi determina el model de locuci\u00f3, amb indicacions generals i directrius a l&#8217;hora de pronunciar altres lleng\u00fces. A m\u00e9s, hi ha un apartat sobre les convencions gr\u00e0fiques en textos orals i escrits. Amb aquest document es completa el Llibre d&#8217;estil de la CCMA, que es compon de dues parts m\u00e9s: la Guia editorial i el portal ling\u00fc\u00edstic \u00e9sAdir. El Manual d\u2019\u00fas \u00e9s una eina de treball per als professionals de TV3 i Catalunya R\u00e0dio i, alhora, \u00e9s obert a tota la professi\u00f3 period\u00edstica i a la societat catalana.<\/p>\n<p><b>M\u00e9s informaci\u00f3:<\/b><br \/>\n<a href=\"http:\/\/www.ccma.cat\/llibredestil\/manuals-destil\/s-llengua\" target=\"_blank\"><em>http:\/\/www.ccma.cat\/llibredestil\/manuals-destil\/s-llengua<\/em><\/a><br \/>\n<a href=\"http:\/\/www.tv3.cat\/actualitat\/323720\/El-Consell-de-Govern-aprova-el-Manual-dus-de-la-CCMA\" target=\"_blank\"><em>http:\/\/www.tv3.cat\/actualitat\/323720\/El-Consell-de-Govern-aprova-el-Manual-dus-de-la-CCMA<\/em><\/a><br \/>\n<a href=\"http:\/\/esadir.cat\" target=\"_blank\"><em>http:\/\/esadir.cat<\/em><\/a><\/p>\n<h2>Dossier tem\u00e0tic de premsa<\/h2>\n<p>Sumari del dossier de premsa <a href=\"http:\/\/www20.gencat.cat\/docs\/Llengcat\/Docs%20del%20Centre%20de%20Documentacio\/Dossiers%20tematics\/Arxius\/tematic_acuditsII.doc\" target=\"_blank\">Acudits gr\u00e0fics<\/a> sobre la llengua (II) (2006-juny 2011). Permet l\u2019acc\u00e9s en l\u00ednia a tots els acudits referenciats.<\/p>\n<p>Podeu so&#320;licitar el document del Centre de Documentaci\u00f3 presencialment, per correu electr\u00f2nic o telef\u00f2nicament.<\/p>\n<p><a href=\"http:\/\/www.gencat.cat\/llengua\/documentacio\" target=\"_blank\">http:\/\/www.gencat.cat\/llengua\/documentacio<\/a>\n<\/p><\/blockquote>\n<p>Podeu consultar el dossier sobre acudits en format <span class=\"versaleta\">html<\/span> ac\u00ed mateix: <a href=\"http:\/\/www.cdlpv.org\/dtl\/wp-content\/uploads\/2011\/07\/Acudits-21.html\" target=\"_blank\">Acudits<\/a>.<\/p>\n","protected":false},"excerpt":{"rendered":"<p>Els Flaixos d\u2019Actualitat (n\u00fam. 76, 21.07.2011) ens envien, entre altres, la informaci\u00f3 seg\u00fcent: El Govern aprova el Decret d\u2019organitzaci\u00f3 transversal de la pol\u00edtica ling\u00fc\u00edstica S\u2019ha publicat al DOGC n\u00fam. 5925, de 21 de juliol El nou decret dota la Direcci\u00f3 General de Pol\u00edtica Ling\u00fc\u00edstica d\u2019una estructura interdepartamental m\u00e9s \u00e0gil i operativa que li garanteix la [&hellip;]<\/p>\n","protected":false},"author":2,"featured_media":0,"comment_status":"open","ping_status":"open","sticky":false,"template":"","format":"standard","meta":{"footnotes":""},"categories":[2,3,1,47,19,34],"tags":[206,235,300,303,438],"class_list":["post-2278","post","type-post","status-publish","format-standard","hentry","category-comunicacio","category-documentacio","category-general","category-planificacio","category-politica","category-tv3","tag-flaixos-dactualitat","tag-humor","tag-manuals","tag-masclisme","tag-sexisme"],"_links":{"self":[{"href":"https:\/\/www.cdlpv.org\/dtl\/wp-json\/wp\/v2\/posts\/2278","targetHints":{"allow":["GET"]}}],"collection":[{"href":"https:\/\/www.cdlpv.org\/dtl\/wp-json\/wp\/v2\/posts"}],"about":[{"href":"https:\/\/www.cdlpv.org\/dtl\/wp-json\/wp\/v2\/types\/post"}],"author":[{"embeddable":true,"href":"https:\/\/www.cdlpv.org\/dtl\/wp-json\/wp\/v2\/users\/2"}],"replies":[{"embeddable":true,"href":"https:\/\/www.cdlpv.org\/dtl\/wp-json\/wp\/v2\/comments?post=2278"}],"version-history":[{"count":0,"href":"https:\/\/www.cdlpv.org\/dtl\/wp-json\/wp\/v2\/posts\/2278\/revisions"}],"wp:attachment":[{"href":"https:\/\/www.cdlpv.org\/dtl\/wp-json\/wp\/v2\/media?parent=2278"}],"wp:term":[{"taxonomy":"category","embeddable":true,"href":"https:\/\/www.cdlpv.org\/dtl\/wp-json\/wp\/v2\/categories?post=2278"},{"taxonomy":"post_tag","embeddable":true,"href":"https:\/\/www.cdlpv.org\/dtl\/wp-json\/wp\/v2\/tags?post=2278"}],"curies":[{"name":"wp","href":"https:\/\/api.w.org\/{rel}","templated":true}]}}